{"id":163856,"date":"2023-05-04T10:30:01","date_gmt":"2023-05-04T08:30:01","guid":{"rendered":"https:\/\/comunicacion.umh.es\/?p=163856"},"modified":"2023-05-04T10:30:01","modified_gmt":"2023-05-04T08:30:01","slug":"seminario-sobre-la-autofagia-en-celulas-de-humano-y-murcielago-en-respuesta-a-la-infeccion-por-sars-cov-2","status":"publish","type":"post","link":"https:\/\/comunicacion.umh.es\/en\/2023\/05\/04\/seminario-sobre-la-autofagia-en-celulas-de-humano-y-murcielago-en-respuesta-a-la-infeccion-por-sars-cov-2\/","title":{"rendered":"<span lang=\"es\">(Espa\u00f1ol) Seminario sobre la autofagia en c\u00e9lulas de humano y murci\u00e9lago en respuesta a la infecci\u00f3n por SARS-CoV-2<\/span>"},"content":{"rendered":"<p class=\"qtranxs-available-languages-message qtranxs-available-languages-message-en\">Sorry, this entry is only available in <a href=\"https:\/\/comunicacion.umh.es\/es\/wp-json\/wp\/v2\/posts\/163856\" class=\"qtranxs-available-language-link qtranxs-available-language-link-es\" title=\"Espa\u00f1ol\">European Spanish<\/a>.<\/p>","protected":false},"excerpt":{"rendered":"<p>Sorry, this entry is only available in European Spanish.<\/p>\n","protected":false},"author":23263,"featured_media":0,"comment_status":"closed","ping_status":"open","sticky":false,"template":"","format":"standard","meta":{"ngg_post_thumbnail":0,"_links_to":"","_links_to_target":""},"categories":[43],"tags":[],"_links":{"self":[{"href":"https:\/\/comunicacion.umh.es\/en\/wp-json\/wp\/v2\/posts\/163856"}],"collection":[{"href":"https:\/\/comunicacion.umh.es\/en\/wp-json\/wp\/v2\/posts"}],"about":[{"href":"https:\/\/comunicacion.umh.es\/en\/wp-json\/wp\/v2\/types\/post"}],"author":[{"embeddable":true,"href":"https:\/\/comunicacion.umh.es\/en\/wp-json\/wp\/v2\/users\/23263"}],"replies":[{"embeddable":true,"href":"https:\/\/comunicacion.umh.es\/en\/wp-json\/wp\/v2\/comments?post=163856"}],"version-history":[{"count":0,"href":"https:\/\/comunicacion.umh.es\/en\/wp-json\/wp\/v2\/posts\/163856\/revisions"}],"wp:attachment":[{"href":"https:\/\/comunicacion.umh.es\/en\/wp-json\/wp\/v2\/media?parent=163856"}],"wp:term":[{"taxonomy":"category","embeddable":true,"href":"https:\/\/comunicacion.umh.es\/en\/wp-json\/wp\/v2\/categories?post=163856"},{"taxonomy":"post_tag","embeddable":true,"href":"https:\/\/comunicacion.umh.es\/en\/wp-json\/wp\/v2\/tags?post=163856"}],"curies":[{"name":"wp","href":"https:\/\/api.w.org\/{rel}","templated":true}]}}