{"id":164749,"date":"2023-05-31T12:23:42","date_gmt":"2023-05-31T10:23:42","guid":{"rendered":"https:\/\/comunicacion.umh.es\/?p=164749"},"modified":"2023-05-31T12:23:42","modified_gmt":"2023-05-31T10:23:42","slug":"el-aula-placa-de-baix-acoge-la-presentacion-del-libro-tratamiento-paso-a-paso-de-los-problemas-psicologicos-en-adultos","status":"publish","type":"post","link":"https:\/\/comunicacion.umh.es\/en\/2023\/05\/31\/el-aula-placa-de-baix-acoge-la-presentacion-del-libro-tratamiento-paso-a-paso-de-los-problemas-psicologicos-en-adultos\/","title":{"rendered":"<span lang=\"es\">(Espa\u00f1ol) El Aula Pla\u00e7a de Baix acoge la presentaci\u00f3n del libro \u2018Tratamiento paso a paso de los problemas psicol\u00f3gicos en adultos\u2019<\/span>"},"content":{"rendered":"<p class=\"qtranxs-available-languages-message qtranxs-available-languages-message-en\">Sorry, this entry is only available in <a href=\"https:\/\/comunicacion.umh.es\/es\/wp-json\/wp\/v2\/posts\/164749\" class=\"qtranxs-available-language-link qtranxs-available-language-link-es\" title=\"Espa\u00f1ol\">European Spanish<\/a>.<\/p>","protected":false},"excerpt":{"rendered":"<p>Sorry, this entry is only available in European Spanish.<\/p>\n","protected":false},"author":23263,"featured_media":0,"comment_status":"closed","ping_status":"open","sticky":false,"template":"","format":"standard","meta":{"ngg_post_thumbnail":0,"_links_to":"","_links_to_target":""},"categories":[43],"tags":[],"_links":{"self":[{"href":"https:\/\/comunicacion.umh.es\/en\/wp-json\/wp\/v2\/posts\/164749"}],"collection":[{"href":"https:\/\/comunicacion.umh.es\/en\/wp-json\/wp\/v2\/posts"}],"about":[{"href":"https:\/\/comunicacion.umh.es\/en\/wp-json\/wp\/v2\/types\/post"}],"author":[{"embeddable":true,"href":"https:\/\/comunicacion.umh.es\/en\/wp-json\/wp\/v2\/users\/23263"}],"replies":[{"embeddable":true,"href":"https:\/\/comunicacion.umh.es\/en\/wp-json\/wp\/v2\/comments?post=164749"}],"version-history":[{"count":0,"href":"https:\/\/comunicacion.umh.es\/en\/wp-json\/wp\/v2\/posts\/164749\/revisions"}],"wp:attachment":[{"href":"https:\/\/comunicacion.umh.es\/en\/wp-json\/wp\/v2\/media?parent=164749"}],"wp:term":[{"taxonomy":"category","embeddable":true,"href":"https:\/\/comunicacion.umh.es\/en\/wp-json\/wp\/v2\/categories?post=164749"},{"taxonomy":"post_tag","embeddable":true,"href":"https:\/\/comunicacion.umh.es\/en\/wp-json\/wp\/v2\/tags?post=164749"}],"curies":[{"name":"wp","href":"https:\/\/api.w.org\/{rel}","templated":true}]}}