{"id":167044,"date":"2023-10-05T10:05:52","date_gmt":"2023-10-05T08:05:52","guid":{"rendered":"https:\/\/comunicacion.umh.es\/?p=167044"},"modified":"2023-10-05T10:05:52","modified_gmt":"2023-10-05T08:05:52","slug":"celebracion-del-dia-del-cine-espanol-con-la-proyeccion-en-los-4-campus-de-la-pelicula-las-ninas-de-pilar-palomero","status":"publish","type":"post","link":"https:\/\/comunicacion.umh.es\/en\/2023\/10\/05\/celebracion-del-dia-del-cine-espanol-con-la-proyeccion-en-los-4-campus-de-la-pelicula-las-ninas-de-pilar-palomero\/","title":{"rendered":"<span lang=\"es\">(Espa\u00f1ol) Celebraci\u00f3n del D\u00eda del Cine Espa\u00f1ol con la proyecci\u00f3n en los 4 campus de la pel\u00edcula \u2018Las ni\u00f1as\u2019, de Pilar Palomero<\/span>"},"content":{"rendered":"<p class=\"qtranxs-available-languages-message qtranxs-available-languages-message-en\">Sorry, this entry is only available in <a href=\"https:\/\/comunicacion.umh.es\/es\/wp-json\/wp\/v2\/posts\/167044\" class=\"qtranxs-available-language-link qtranxs-available-language-link-es\" title=\"Espa\u00f1ol\">European Spanish<\/a>.<\/p>","protected":false},"excerpt":{"rendered":"<p>Sorry, this entry is only available in European Spanish.<\/p>\n","protected":false},"author":25740,"featured_media":0,"comment_status":"closed","ping_status":"open","sticky":false,"template":"","format":"standard","meta":{"ngg_post_thumbnail":0,"_links_to":"","_links_to_target":""},"categories":[43],"tags":[],"_links":{"self":[{"href":"https:\/\/comunicacion.umh.es\/en\/wp-json\/wp\/v2\/posts\/167044"}],"collection":[{"href":"https:\/\/comunicacion.umh.es\/en\/wp-json\/wp\/v2\/posts"}],"about":[{"href":"https:\/\/comunicacion.umh.es\/en\/wp-json\/wp\/v2\/types\/post"}],"author":[{"embeddable":true,"href":"https:\/\/comunicacion.umh.es\/en\/wp-json\/wp\/v2\/users\/25740"}],"replies":[{"embeddable":true,"href":"https:\/\/comunicacion.umh.es\/en\/wp-json\/wp\/v2\/comments?post=167044"}],"version-history":[{"count":0,"href":"https:\/\/comunicacion.umh.es\/en\/wp-json\/wp\/v2\/posts\/167044\/revisions"}],"wp:attachment":[{"href":"https:\/\/comunicacion.umh.es\/en\/wp-json\/wp\/v2\/media?parent=167044"}],"wp:term":[{"taxonomy":"category","embeddable":true,"href":"https:\/\/comunicacion.umh.es\/en\/wp-json\/wp\/v2\/categories?post=167044"},{"taxonomy":"post_tag","embeddable":true,"href":"https:\/\/comunicacion.umh.es\/en\/wp-json\/wp\/v2\/tags?post=167044"}],"curies":[{"name":"wp","href":"https:\/\/api.w.org\/{rel}","templated":true}]}}