{"id":16706,"date":"2003-03-27T00:00:00","date_gmt":"2003-03-26T23:00:00","guid":{"rendered":"http:\/\/comunicacion.umh.es\/2003\/03\/27 00:00:00\/la-umh-explicara-su-experiencia-de-practicas-en-empresas-en-el-ii-foro-de-empleo-que-se-realizara-en-la-universidad-de-burgos\/"},"modified":"-0001-11-30T00:00:00","modified_gmt":"-0001-11-29T22:00:00","slug":"la-umh-explicara-su-experiencia-de-practicas-en-empresas-en-el-ii-foro-de-empleo-que-se-realizara-en-la-universidad-de-burgos","status":"publish","type":"post","link":"https:\/\/comunicacion.umh.es\/en\/2003\/03\/27\/la-umh-explicara-su-experiencia-de-practicas-en-empresas-en-el-ii-foro-de-empleo-que-se-realizara-en-la-universidad-de-burgos\/","title":{"rendered":"<span lang=\"es\">(Espa\u00f1ol) La UMH explicar\u00e1 su experiencia de pr\u00e1cticas en empresas en el II Foro de Empleo que se realizar\u00e1 en la Universidad de Burgos<\/span>"},"content":{"rendered":"<p class=\"qtranxs-available-languages-message qtranxs-available-languages-message-en\">Sorry, this entry is only available in <a href=\"https:\/\/comunicacion.umh.es\/es\/wp-json\/wp\/v2\/posts\/16706\" class=\"qtranxs-available-language-link qtranxs-available-language-link-es\" title=\"Espa\u00f1ol\">European Spanish<\/a>.<\/p>","protected":false},"excerpt":{"rendered":"<p>Sorry, this entry is only available in European Spanish.<\/p>\n","protected":false},"author":1,"featured_media":0,"comment_status":"open","ping_status":"open","sticky":false,"template":"","format":"standard","meta":{"ngg_post_thumbnail":0,"_links_to":"","_links_to_target":""},"categories":[43],"tags":[],"_links":{"self":[{"href":"https:\/\/comunicacion.umh.es\/en\/wp-json\/wp\/v2\/posts\/16706"}],"collection":[{"href":"https:\/\/comunicacion.umh.es\/en\/wp-json\/wp\/v2\/posts"}],"about":[{"href":"https:\/\/comunicacion.umh.es\/en\/wp-json\/wp\/v2\/types\/post"}],"author":[{"embeddable":true,"href":"https:\/\/comunicacion.umh.es\/en\/wp-json\/wp\/v2\/users\/1"}],"replies":[{"embeddable":true,"href":"https:\/\/comunicacion.umh.es\/en\/wp-json\/wp\/v2\/comments?post=16706"}],"version-history":[{"count":0,"href":"https:\/\/comunicacion.umh.es\/en\/wp-json\/wp\/v2\/posts\/16706\/revisions"}],"wp:attachment":[{"href":"https:\/\/comunicacion.umh.es\/en\/wp-json\/wp\/v2\/media?parent=16706"}],"wp:term":[{"taxonomy":"category","embeddable":true,"href":"https:\/\/comunicacion.umh.es\/en\/wp-json\/wp\/v2\/categories?post=16706"},{"taxonomy":"post_tag","embeddable":true,"href":"https:\/\/comunicacion.umh.es\/en\/wp-json\/wp\/v2\/tags?post=16706"}],"curies":[{"name":"wp","href":"https:\/\/api.w.org\/{rel}","templated":true}]}}