{"id":167333,"date":"2023-10-13T09:40:43","date_gmt":"2023-10-13T07:40:43","guid":{"rendered":"https:\/\/comunicacion.umh.es\/?p=167333"},"modified":"2023-10-13T09:45:53","modified_gmt":"2023-10-13T07:45:53","slug":"el-profesor-eduardo-fernandez-jover-premio-bartimeus-2023-por-sus-contribuciones-en-el-campo-de-la-vision-artificial","status":"publish","type":"post","link":"https:\/\/comunicacion.umh.es\/en\/2023\/10\/13\/el-profesor-eduardo-fernandez-jover-premio-bartimeus-2023-por-sus-contribuciones-en-el-campo-de-la-vision-artificial\/","title":{"rendered":"<span lang=\"es\">(Espa\u00f1ol) El profesor Eduardo Fern\u00e1ndez Jover, Premio Bartimeus 2023 por sus contribuciones en el campo de la Visi\u00f3n Artificial<\/span>"},"content":{"rendered":"<p class=\"qtranxs-available-languages-message qtranxs-available-languages-message-en\">Sorry, this entry is only available in <a href=\"https:\/\/comunicacion.umh.es\/es\/wp-json\/wp\/v2\/posts\/167333\" class=\"qtranxs-available-language-link qtranxs-available-language-link-es\" title=\"Espa\u00f1ol\">European Spanish<\/a>.<\/p>","protected":false},"excerpt":{"rendered":"<p>Sorry, this entry is only available in European Spanish.<\/p>\n","protected":false},"author":25740,"featured_media":0,"comment_status":"closed","ping_status":"open","sticky":false,"template":"","format":"standard","meta":{"ngg_post_thumbnail":0,"_links_to":"","_links_to_target":""},"categories":[43],"tags":[],"_links":{"self":[{"href":"https:\/\/comunicacion.umh.es\/en\/wp-json\/wp\/v2\/posts\/167333"}],"collection":[{"href":"https:\/\/comunicacion.umh.es\/en\/wp-json\/wp\/v2\/posts"}],"about":[{"href":"https:\/\/comunicacion.umh.es\/en\/wp-json\/wp\/v2\/types\/post"}],"author":[{"embeddable":true,"href":"https:\/\/comunicacion.umh.es\/en\/wp-json\/wp\/v2\/users\/25740"}],"replies":[{"embeddable":true,"href":"https:\/\/comunicacion.umh.es\/en\/wp-json\/wp\/v2\/comments?post=167333"}],"version-history":[{"count":0,"href":"https:\/\/comunicacion.umh.es\/en\/wp-json\/wp\/v2\/posts\/167333\/revisions"}],"wp:attachment":[{"href":"https:\/\/comunicacion.umh.es\/en\/wp-json\/wp\/v2\/media?parent=167333"}],"wp:term":[{"taxonomy":"category","embeddable":true,"href":"https:\/\/comunicacion.umh.es\/en\/wp-json\/wp\/v2\/categories?post=167333"},{"taxonomy":"post_tag","embeddable":true,"href":"https:\/\/comunicacion.umh.es\/en\/wp-json\/wp\/v2\/tags?post=167333"}],"curies":[{"name":"wp","href":"https:\/\/api.w.org\/{rel}","templated":true}]}}