{"id":168162,"date":"2023-10-25T09:00:33","date_gmt":"2023-10-25T07:00:33","guid":{"rendered":"https:\/\/comunicacion.umh.es\/?p=168162"},"modified":"2023-10-25T13:14:57","modified_gmt":"2023-10-25T11:14:57","slug":"el-xix-encuentro-de-tutores-de-practicas-de-la-umh-contara-con-una-charla-motivacional-del-campeon-del-mundo-de-natacion-david-meca","status":"publish","type":"post","link":"https:\/\/comunicacion.umh.es\/en\/2023\/10\/25\/el-xix-encuentro-de-tutores-de-practicas-de-la-umh-contara-con-una-charla-motivacional-del-campeon-del-mundo-de-natacion-david-meca\/","title":{"rendered":"<span lang=\"es\">(Espa\u00f1ol) El XIX Encuentro de Tutores de Pr\u00e1cticas contar\u00e1 con una charla motivacional del campe\u00f3n del mundo de nataci\u00f3n David Meca<\/span>"},"content":{"rendered":"<p class=\"qtranxs-available-languages-message qtranxs-available-languages-message-en\">Sorry, this entry is only available in <a href=\"https:\/\/comunicacion.umh.es\/es\/wp-json\/wp\/v2\/posts\/168162\" class=\"qtranxs-available-language-link qtranxs-available-language-link-es\" title=\"Espa\u00f1ol\">European Spanish<\/a>.<\/p>","protected":false},"excerpt":{"rendered":"<p>Sorry, this entry is only available in European Spanish.<\/p>\n","protected":false},"author":25740,"featured_media":0,"comment_status":"closed","ping_status":"open","sticky":false,"template":"","format":"standard","meta":{"ngg_post_thumbnail":0,"_links_to":"","_links_to_target":""},"categories":[43],"tags":[],"_links":{"self":[{"href":"https:\/\/comunicacion.umh.es\/en\/wp-json\/wp\/v2\/posts\/168162"}],"collection":[{"href":"https:\/\/comunicacion.umh.es\/en\/wp-json\/wp\/v2\/posts"}],"about":[{"href":"https:\/\/comunicacion.umh.es\/en\/wp-json\/wp\/v2\/types\/post"}],"author":[{"embeddable":true,"href":"https:\/\/comunicacion.umh.es\/en\/wp-json\/wp\/v2\/users\/25740"}],"replies":[{"embeddable":true,"href":"https:\/\/comunicacion.umh.es\/en\/wp-json\/wp\/v2\/comments?post=168162"}],"version-history":[{"count":0,"href":"https:\/\/comunicacion.umh.es\/en\/wp-json\/wp\/v2\/posts\/168162\/revisions"}],"wp:attachment":[{"href":"https:\/\/comunicacion.umh.es\/en\/wp-json\/wp\/v2\/media?parent=168162"}],"wp:term":[{"taxonomy":"category","embeddable":true,"href":"https:\/\/comunicacion.umh.es\/en\/wp-json\/wp\/v2\/categories?post=168162"},{"taxonomy":"post_tag","embeddable":true,"href":"https:\/\/comunicacion.umh.es\/en\/wp-json\/wp\/v2\/tags?post=168162"}],"curies":[{"name":"wp","href":"https:\/\/api.w.org\/{rel}","templated":true}]}}