{"id":170742,"date":"2024-01-09T08:00:57","date_gmt":"2024-01-09T07:00:57","guid":{"rendered":"https:\/\/comunicacion.umh.es\/?p=170742"},"modified":"2024-01-09T13:07:02","modified_gmt":"2024-01-09T12:07:02","slug":"las-fuentes-de-regiones-con-clima-mediterraneo-estan-amenazadas-por-el-cambio-global-segun-un-estudio-en-el-que-participa-la-umh","status":"publish","type":"post","link":"https:\/\/comunicacion.umh.es\/en\/2024\/01\/09\/las-fuentes-de-regiones-con-clima-mediterraneo-estan-amenazadas-por-el-cambio-global-segun-un-estudio-en-el-que-participa-la-umh\/","title":{"rendered":"<span lang=\"es\">(Espa\u00f1ol) Las fuentes de regiones con clima mediterr\u00e1neo est\u00e1n amenazadas por el cambio global, seg\u00fan un estudio en el que participa la UMH<\/span>"},"content":{"rendered":"<p class=\"qtranxs-available-languages-message qtranxs-available-languages-message-en\">Sorry, this entry is only available in <a href=\"https:\/\/comunicacion.umh.es\/es\/wp-json\/wp\/v2\/posts\/170742\" class=\"qtranxs-available-language-link qtranxs-available-language-link-es\" title=\"Espa\u00f1ol\">European Spanish<\/a>.<\/p>","protected":false},"excerpt":{"rendered":"<p>Sorry, this entry is only available in European Spanish.<\/p>\n","protected":false},"author":25740,"featured_media":0,"comment_status":"closed","ping_status":"open","sticky":false,"template":"","format":"standard","meta":{"ngg_post_thumbnail":0,"_links_to":"","_links_to_target":""},"categories":[43],"tags":[],"_links":{"self":[{"href":"https:\/\/comunicacion.umh.es\/en\/wp-json\/wp\/v2\/posts\/170742"}],"collection":[{"href":"https:\/\/comunicacion.umh.es\/en\/wp-json\/wp\/v2\/posts"}],"about":[{"href":"https:\/\/comunicacion.umh.es\/en\/wp-json\/wp\/v2\/types\/post"}],"author":[{"embeddable":true,"href":"https:\/\/comunicacion.umh.es\/en\/wp-json\/wp\/v2\/users\/25740"}],"replies":[{"embeddable":true,"href":"https:\/\/comunicacion.umh.es\/en\/wp-json\/wp\/v2\/comments?post=170742"}],"version-history":[{"count":0,"href":"https:\/\/comunicacion.umh.es\/en\/wp-json\/wp\/v2\/posts\/170742\/revisions"}],"wp:attachment":[{"href":"https:\/\/comunicacion.umh.es\/en\/wp-json\/wp\/v2\/media?parent=170742"}],"wp:term":[{"taxonomy":"category","embeddable":true,"href":"https:\/\/comunicacion.umh.es\/en\/wp-json\/wp\/v2\/categories?post=170742"},{"taxonomy":"post_tag","embeddable":true,"href":"https:\/\/comunicacion.umh.es\/en\/wp-json\/wp\/v2\/tags?post=170742"}],"curies":[{"name":"wp","href":"https:\/\/api.w.org\/{rel}","templated":true}]}}