{"id":174070,"date":"2024-04-19T09:00:50","date_gmt":"2024-04-19T07:00:50","guid":{"rendered":"https:\/\/comunicacion.umh.es\/?p=174070"},"modified":"2024-04-19T11:00:20","modified_gmt":"2024-04-19T09:00:20","slug":"presentacion-de-la-guia-para-el-lanzamiento-del-parque-cientifico-y-tecnologico-multitematico-de-holguin-en-cuba","status":"publish","type":"post","link":"https:\/\/comunicacion.umh.es\/en\/2024\/04\/19\/presentacion-de-la-guia-para-el-lanzamiento-del-parque-cientifico-y-tecnologico-multitematico-de-holguin-en-cuba\/","title":{"rendered":"<span lang=\"es\">(Espa\u00f1ol) Presentaci\u00f3n de la gu\u00eda para el lanzamiento del Parque Cient\u00edfico y Tecnol\u00f3gico multitem\u00e1tico de Holgu\u00edn, en Cuba<\/span>"},"content":{"rendered":"<p class=\"qtranxs-available-languages-message qtranxs-available-languages-message-en\">Sorry, this entry is only available in <a href=\"https:\/\/comunicacion.umh.es\/es\/wp-json\/wp\/v2\/posts\/174070\" class=\"qtranxs-available-language-link qtranxs-available-language-link-es\" title=\"Espa\u00f1ol\">European Spanish<\/a>.<\/p>","protected":false},"excerpt":{"rendered":"<p>Sorry, this entry is only available in European Spanish.<\/p>\n","protected":false},"author":25740,"featured_media":0,"comment_status":"closed","ping_status":"open","sticky":false,"template":"","format":"standard","meta":{"ngg_post_thumbnail":0,"_links_to":"","_links_to_target":""},"categories":[43],"tags":[],"_links":{"self":[{"href":"https:\/\/comunicacion.umh.es\/en\/wp-json\/wp\/v2\/posts\/174070"}],"collection":[{"href":"https:\/\/comunicacion.umh.es\/en\/wp-json\/wp\/v2\/posts"}],"about":[{"href":"https:\/\/comunicacion.umh.es\/en\/wp-json\/wp\/v2\/types\/post"}],"author":[{"embeddable":true,"href":"https:\/\/comunicacion.umh.es\/en\/wp-json\/wp\/v2\/users\/25740"}],"replies":[{"embeddable":true,"href":"https:\/\/comunicacion.umh.es\/en\/wp-json\/wp\/v2\/comments?post=174070"}],"version-history":[{"count":0,"href":"https:\/\/comunicacion.umh.es\/en\/wp-json\/wp\/v2\/posts\/174070\/revisions"}],"wp:attachment":[{"href":"https:\/\/comunicacion.umh.es\/en\/wp-json\/wp\/v2\/media?parent=174070"}],"wp:term":[{"taxonomy":"category","embeddable":true,"href":"https:\/\/comunicacion.umh.es\/en\/wp-json\/wp\/v2\/categories?post=174070"},{"taxonomy":"post_tag","embeddable":true,"href":"https:\/\/comunicacion.umh.es\/en\/wp-json\/wp\/v2\/tags?post=174070"}],"curies":[{"name":"wp","href":"https:\/\/api.w.org\/{rel}","templated":true}]}}