{"id":179734,"date":"2024-11-04T13:06:31","date_gmt":"2024-11-04T12:06:31","guid":{"rendered":"https:\/\/comunicacion.umh.es\/?p=179734"},"modified":"2024-11-04T13:06:31","modified_gmt":"2024-11-04T12:06:31","slug":"el-554-de-padres-esta-de-acuerdo-en-permitir-con-uso-limitado-los-telefonos-moviles-en-recintos-escolares-segun-un-estudio-de-la-umh","status":"publish","type":"post","link":"https:\/\/comunicacion.umh.es\/en\/2024\/11\/04\/el-554-de-padres-esta-de-acuerdo-en-permitir-con-uso-limitado-los-telefonos-moviles-en-recintos-escolares-segun-un-estudio-de-la-umh\/","title":{"rendered":"<span lang=\"es\">(Espa\u00f1ol) El 55,4% de padres est\u00e1 de acuerdo en permitir con uso limitado los tel\u00e9fonos m\u00f3viles en recintos escolares, seg\u00fan un estudio de la UMH<\/span>"},"content":{"rendered":"<p class=\"qtranxs-available-languages-message qtranxs-available-languages-message-en\">Sorry, this entry is only available in <a href=\"https:\/\/comunicacion.umh.es\/es\/wp-json\/wp\/v2\/posts\/179734\" class=\"qtranxs-available-language-link qtranxs-available-language-link-es\" title=\"Espa\u00f1ol\">European Spanish<\/a>.<\/p>","protected":false},"excerpt":{"rendered":"<p>Sorry, this entry is only available in European Spanish.<\/p>\n","protected":false},"author":18333,"featured_media":0,"comment_status":"closed","ping_status":"open","sticky":false,"template":"","format":"standard","meta":{"ngg_post_thumbnail":0,"_links_to":"","_links_to_target":""},"categories":[43],"tags":[],"_links":{"self":[{"href":"https:\/\/comunicacion.umh.es\/en\/wp-json\/wp\/v2\/posts\/179734"}],"collection":[{"href":"https:\/\/comunicacion.umh.es\/en\/wp-json\/wp\/v2\/posts"}],"about":[{"href":"https:\/\/comunicacion.umh.es\/en\/wp-json\/wp\/v2\/types\/post"}],"author":[{"embeddable":true,"href":"https:\/\/comunicacion.umh.es\/en\/wp-json\/wp\/v2\/users\/18333"}],"replies":[{"embeddable":true,"href":"https:\/\/comunicacion.umh.es\/en\/wp-json\/wp\/v2\/comments?post=179734"}],"version-history":[{"count":0,"href":"https:\/\/comunicacion.umh.es\/en\/wp-json\/wp\/v2\/posts\/179734\/revisions"}],"wp:attachment":[{"href":"https:\/\/comunicacion.umh.es\/en\/wp-json\/wp\/v2\/media?parent=179734"}],"wp:term":[{"taxonomy":"category","embeddable":true,"href":"https:\/\/comunicacion.umh.es\/en\/wp-json\/wp\/v2\/categories?post=179734"},{"taxonomy":"post_tag","embeddable":true,"href":"https:\/\/comunicacion.umh.es\/en\/wp-json\/wp\/v2\/tags?post=179734"}],"curies":[{"name":"wp","href":"https:\/\/api.w.org\/{rel}","templated":true}]}}