{"id":179954,"date":"2024-11-11T12:08:50","date_gmt":"2024-11-11T11:08:50","guid":{"rendered":"https:\/\/comunicacion.umh.es\/?p=179954"},"modified":"2024-11-11T12:08:50","modified_gmt":"2024-11-11T11:08:50","slug":"el-profesor-antonio-jose-martinez-murcia-nuevo-presidente-de-la-asociacion-europea-de-diagnosticos-de-laboratorio-veterinario","status":"publish","type":"post","link":"https:\/\/comunicacion.umh.es\/en\/2024\/11\/11\/el-profesor-antonio-jose-martinez-murcia-nuevo-presidente-de-la-asociacion-europea-de-diagnosticos-de-laboratorio-veterinario\/","title":{"rendered":"<span lang=\"es\">(Espa\u00f1ol) El profesor Antonio Jos\u00e9 Mart\u00ednez Murcia, nuevo presidente de la Asociaci\u00f3n Europea de Diagn\u00f3sticos de Laboratorio Veterinario<\/span>"},"content":{"rendered":"<p class=\"qtranxs-available-languages-message qtranxs-available-languages-message-en\">Sorry, this entry is only available in <a href=\"https:\/\/comunicacion.umh.es\/es\/wp-json\/wp\/v2\/posts\/179954\" class=\"qtranxs-available-language-link qtranxs-available-language-link-es\" title=\"Espa\u00f1ol\">European Spanish<\/a>.<\/p>","protected":false},"excerpt":{"rendered":"<p>Sorry, this entry is only available in European Spanish.<\/p>\n","protected":false},"author":18333,"featured_media":0,"comment_status":"closed","ping_status":"open","sticky":false,"template":"","format":"standard","meta":{"ngg_post_thumbnail":0,"_links_to":"","_links_to_target":""},"categories":[43],"tags":[],"_links":{"self":[{"href":"https:\/\/comunicacion.umh.es\/en\/wp-json\/wp\/v2\/posts\/179954"}],"collection":[{"href":"https:\/\/comunicacion.umh.es\/en\/wp-json\/wp\/v2\/posts"}],"about":[{"href":"https:\/\/comunicacion.umh.es\/en\/wp-json\/wp\/v2\/types\/post"}],"author":[{"embeddable":true,"href":"https:\/\/comunicacion.umh.es\/en\/wp-json\/wp\/v2\/users\/18333"}],"replies":[{"embeddable":true,"href":"https:\/\/comunicacion.umh.es\/en\/wp-json\/wp\/v2\/comments?post=179954"}],"version-history":[{"count":0,"href":"https:\/\/comunicacion.umh.es\/en\/wp-json\/wp\/v2\/posts\/179954\/revisions"}],"wp:attachment":[{"href":"https:\/\/comunicacion.umh.es\/en\/wp-json\/wp\/v2\/media?parent=179954"}],"wp:term":[{"taxonomy":"category","embeddable":true,"href":"https:\/\/comunicacion.umh.es\/en\/wp-json\/wp\/v2\/categories?post=179954"},{"taxonomy":"post_tag","embeddable":true,"href":"https:\/\/comunicacion.umh.es\/en\/wp-json\/wp\/v2\/tags?post=179954"}],"curies":[{"name":"wp","href":"https:\/\/api.w.org\/{rel}","templated":true}]}}