{"id":180589,"date":"2024-11-26T12:25:18","date_gmt":"2024-11-26T11:25:18","guid":{"rendered":"https:\/\/comunicacion.umh.es\/?p=180589"},"modified":"2024-11-26T12:30:15","modified_gmt":"2024-11-26T11:30:15","slug":"el-museo-de-ciencias-de-la-umh-galardonado-en-los-premios-a-la-cultura-alicantina-miguel-hernandez-de-la-diputacion","status":"publish","type":"post","link":"https:\/\/comunicacion.umh.es\/en\/2024\/11\/26\/el-museo-de-ciencias-de-la-umh-galardonado-en-los-premios-a-la-cultura-alicantina-miguel-hernandez-de-la-diputacion\/","title":{"rendered":"<span lang=\"es\">(Espa\u00f1ol) El Museo de Ciencias de la UMH, galardonado en los Premios a la Cultura Alicantina Miguel Hern\u00e1ndez de la Diputaci\u00f3n<\/span>"},"content":{"rendered":"<p class=\"qtranxs-available-languages-message qtranxs-available-languages-message-en\">Sorry, this entry is only available in <a href=\"https:\/\/comunicacion.umh.es\/es\/wp-json\/wp\/v2\/posts\/180589\" class=\"qtranxs-available-language-link qtranxs-available-language-link-es\" title=\"Espa\u00f1ol\">European Spanish<\/a>.<\/p>","protected":false},"excerpt":{"rendered":"<p>Sorry, this entry is only available in European Spanish.<\/p>\n","protected":false},"author":18333,"featured_media":0,"comment_status":"closed","ping_status":"open","sticky":false,"template":"","format":"standard","meta":{"ngg_post_thumbnail":0,"_links_to":"","_links_to_target":""},"categories":[43],"tags":[],"_links":{"self":[{"href":"https:\/\/comunicacion.umh.es\/en\/wp-json\/wp\/v2\/posts\/180589"}],"collection":[{"href":"https:\/\/comunicacion.umh.es\/en\/wp-json\/wp\/v2\/posts"}],"about":[{"href":"https:\/\/comunicacion.umh.es\/en\/wp-json\/wp\/v2\/types\/post"}],"author":[{"embeddable":true,"href":"https:\/\/comunicacion.umh.es\/en\/wp-json\/wp\/v2\/users\/18333"}],"replies":[{"embeddable":true,"href":"https:\/\/comunicacion.umh.es\/en\/wp-json\/wp\/v2\/comments?post=180589"}],"version-history":[{"count":0,"href":"https:\/\/comunicacion.umh.es\/en\/wp-json\/wp\/v2\/posts\/180589\/revisions"}],"wp:attachment":[{"href":"https:\/\/comunicacion.umh.es\/en\/wp-json\/wp\/v2\/media?parent=180589"}],"wp:term":[{"taxonomy":"category","embeddable":true,"href":"https:\/\/comunicacion.umh.es\/en\/wp-json\/wp\/v2\/categories?post=180589"},{"taxonomy":"post_tag","embeddable":true,"href":"https:\/\/comunicacion.umh.es\/en\/wp-json\/wp\/v2\/tags?post=180589"}],"curies":[{"name":"wp","href":"https:\/\/api.w.org\/{rel}","templated":true}]}}