{"id":182522,"date":"2025-02-06T09:53:54","date_gmt":"2025-02-06T08:53:54","guid":{"rendered":"https:\/\/comunicacion.umh.es\/?p=182522"},"modified":"2025-02-06T09:53:54","modified_gmt":"2025-02-06T08:53:54","slug":"ultimos-dias-para-inscribirse-en-los-cursos-del-centro-de-idiomas-para-preparar-examenes-oficiales-de-ingles-valenciano-y-espanol","status":"publish","type":"post","link":"https:\/\/comunicacion.umh.es\/en\/2025\/02\/06\/ultimos-dias-para-inscribirse-en-los-cursos-del-centro-de-idiomas-para-preparar-examenes-oficiales-de-ingles-valenciano-y-espanol\/","title":{"rendered":"<span lang=\"es\">(Espa\u00f1ol) \u00daltimos d\u00edas para inscribirse en los cursos del Centro de Idiomas para preparar ex\u00e1menes oficiales de ingl\u00e9s, valenciano y espa\u00f1ol<\/span>"},"content":{"rendered":"<p class=\"qtranxs-available-languages-message qtranxs-available-languages-message-en\">Sorry, this entry is only available in <a href=\"https:\/\/comunicacion.umh.es\/es\/wp-json\/wp\/v2\/posts\/182522\" class=\"qtranxs-available-language-link qtranxs-available-language-link-es\" title=\"Espa\u00f1ol\">European Spanish<\/a>.<\/p>","protected":false},"excerpt":{"rendered":"<p>Sorry, this entry is only available in European Spanish.<\/p>\n","protected":false},"author":18333,"featured_media":0,"comment_status":"closed","ping_status":"open","sticky":false,"template":"","format":"standard","meta":{"ngg_post_thumbnail":0,"_links_to":"","_links_to_target":""},"categories":[43],"tags":[],"_links":{"self":[{"href":"https:\/\/comunicacion.umh.es\/en\/wp-json\/wp\/v2\/posts\/182522"}],"collection":[{"href":"https:\/\/comunicacion.umh.es\/en\/wp-json\/wp\/v2\/posts"}],"about":[{"href":"https:\/\/comunicacion.umh.es\/en\/wp-json\/wp\/v2\/types\/post"}],"author":[{"embeddable":true,"href":"https:\/\/comunicacion.umh.es\/en\/wp-json\/wp\/v2\/users\/18333"}],"replies":[{"embeddable":true,"href":"https:\/\/comunicacion.umh.es\/en\/wp-json\/wp\/v2\/comments?post=182522"}],"version-history":[{"count":0,"href":"https:\/\/comunicacion.umh.es\/en\/wp-json\/wp\/v2\/posts\/182522\/revisions"}],"wp:attachment":[{"href":"https:\/\/comunicacion.umh.es\/en\/wp-json\/wp\/v2\/media?parent=182522"}],"wp:term":[{"taxonomy":"category","embeddable":true,"href":"https:\/\/comunicacion.umh.es\/en\/wp-json\/wp\/v2\/categories?post=182522"},{"taxonomy":"post_tag","embeddable":true,"href":"https:\/\/comunicacion.umh.es\/en\/wp-json\/wp\/v2\/tags?post=182522"}],"curies":[{"name":"wp","href":"https:\/\/api.w.org\/{rel}","templated":true}]}}