{"id":183106,"date":"2025-02-21T10:17:19","date_gmt":"2025-02-21T09:17:19","guid":{"rendered":"https:\/\/comunicacion.umh.es\/?p=183106"},"modified":"2025-02-21T12:04:22","modified_gmt":"2025-02-21T11:04:22","slug":"la-umh-realiza-una-sesion-de-trabajo-con-alumnado-de-la-torreta-de-elche-para-medir-el-diagrama-de-antenas-en-una-camara-anecoica","status":"publish","type":"post","link":"https:\/\/comunicacion.umh.es\/en\/2025\/02\/21\/la-umh-realiza-una-sesion-de-trabajo-con-alumnado-de-la-torreta-de-elche-para-medir-el-diagrama-de-antenas-en-una-camara-anecoica\/","title":{"rendered":"<span lang=\"es\">(Espa\u00f1ol) La UMH realiza una sesi\u00f3n de trabajo con alumnado de La Torreta de Elche para medir el diagrama de antenas en una c\u00e1mara anecoica<\/span>"},"content":{"rendered":"<p class=\"qtranxs-available-languages-message qtranxs-available-languages-message-en\">Sorry, this entry is only available in <a href=\"https:\/\/comunicacion.umh.es\/es\/wp-json\/wp\/v2\/posts\/183106\" class=\"qtranxs-available-language-link qtranxs-available-language-link-es\" title=\"Espa\u00f1ol\">European Spanish<\/a>.<\/p>","protected":false},"excerpt":{"rendered":"<p>Sorry, this entry is only available in European Spanish.<\/p>\n","protected":false},"author":2693,"featured_media":0,"comment_status":"closed","ping_status":"open","sticky":false,"template":"","format":"standard","meta":{"ngg_post_thumbnail":0,"_links_to":"","_links_to_target":""},"categories":[43],"tags":[],"_links":{"self":[{"href":"https:\/\/comunicacion.umh.es\/en\/wp-json\/wp\/v2\/posts\/183106"}],"collection":[{"href":"https:\/\/comunicacion.umh.es\/en\/wp-json\/wp\/v2\/posts"}],"about":[{"href":"https:\/\/comunicacion.umh.es\/en\/wp-json\/wp\/v2\/types\/post"}],"author":[{"embeddable":true,"href":"https:\/\/comunicacion.umh.es\/en\/wp-json\/wp\/v2\/users\/2693"}],"replies":[{"embeddable":true,"href":"https:\/\/comunicacion.umh.es\/en\/wp-json\/wp\/v2\/comments?post=183106"}],"version-history":[{"count":0,"href":"https:\/\/comunicacion.umh.es\/en\/wp-json\/wp\/v2\/posts\/183106\/revisions"}],"wp:attachment":[{"href":"https:\/\/comunicacion.umh.es\/en\/wp-json\/wp\/v2\/media?parent=183106"}],"wp:term":[{"taxonomy":"category","embeddable":true,"href":"https:\/\/comunicacion.umh.es\/en\/wp-json\/wp\/v2\/categories?post=183106"},{"taxonomy":"post_tag","embeddable":true,"href":"https:\/\/comunicacion.umh.es\/en\/wp-json\/wp\/v2\/tags?post=183106"}],"curies":[{"name":"wp","href":"https:\/\/api.w.org\/{rel}","templated":true}]}}