{"id":183817,"date":"2025-03-14T10:17:56","date_gmt":"2025-03-14T09:17:56","guid":{"rendered":"https:\/\/comunicacion.umh.es\/?p=183817"},"modified":"2025-03-14T10:18:40","modified_gmt":"2025-03-14T09:18:40","slug":"el-profesor-jose-luis-gonzalez-nuevo-miembro-de-la-red-iberoamericana-de-educacion-en-derechos-humanos-y-para-la-ciudadania-democratica","status":"publish","type":"post","link":"https:\/\/comunicacion.umh.es\/en\/2025\/03\/14\/el-profesor-jose-luis-gonzalez-nuevo-miembro-de-la-red-iberoamericana-de-educacion-en-derechos-humanos-y-para-la-ciudadania-democratica\/","title":{"rendered":"<span lang=\"es\">(Espa\u00f1ol) El profesor Jos\u00e9 Luis Gonz\u00e1lez, nuevo miembro de la Red Iberoamericana de Educaci\u00f3n en Derechos Humanos y para la Ciudadan\u00eda Democr\u00e1tica<\/span>"},"content":{"rendered":"<p class=\"qtranxs-available-languages-message qtranxs-available-languages-message-en\">Sorry, this entry is only available in <a href=\"https:\/\/comunicacion.umh.es\/es\/wp-json\/wp\/v2\/posts\/183817\" class=\"qtranxs-available-language-link qtranxs-available-language-link-es\" title=\"Espa\u00f1ol\">European Spanish<\/a>.<\/p>","protected":false},"excerpt":{"rendered":"<p>Sorry, this entry is only available in European Spanish.<\/p>\n","protected":false},"author":18333,"featured_media":0,"comment_status":"closed","ping_status":"open","sticky":false,"template":"","format":"standard","meta":{"ngg_post_thumbnail":0,"_links_to":"","_links_to_target":""},"categories":[43],"tags":[],"_links":{"self":[{"href":"https:\/\/comunicacion.umh.es\/en\/wp-json\/wp\/v2\/posts\/183817"}],"collection":[{"href":"https:\/\/comunicacion.umh.es\/en\/wp-json\/wp\/v2\/posts"}],"about":[{"href":"https:\/\/comunicacion.umh.es\/en\/wp-json\/wp\/v2\/types\/post"}],"author":[{"embeddable":true,"href":"https:\/\/comunicacion.umh.es\/en\/wp-json\/wp\/v2\/users\/18333"}],"replies":[{"embeddable":true,"href":"https:\/\/comunicacion.umh.es\/en\/wp-json\/wp\/v2\/comments?post=183817"}],"version-history":[{"count":0,"href":"https:\/\/comunicacion.umh.es\/en\/wp-json\/wp\/v2\/posts\/183817\/revisions"}],"wp:attachment":[{"href":"https:\/\/comunicacion.umh.es\/en\/wp-json\/wp\/v2\/media?parent=183817"}],"wp:term":[{"taxonomy":"category","embeddable":true,"href":"https:\/\/comunicacion.umh.es\/en\/wp-json\/wp\/v2\/categories?post=183817"},{"taxonomy":"post_tag","embeddable":true,"href":"https:\/\/comunicacion.umh.es\/en\/wp-json\/wp\/v2\/tags?post=183817"}],"curies":[{"name":"wp","href":"https:\/\/api.w.org\/{rel}","templated":true}]}}