{"id":186151,"date":"2025-05-29T10:20:04","date_gmt":"2025-05-29T08:20:04","guid":{"rendered":"https:\/\/comunicacion.umh.es\/?p=186151"},"modified":"2025-05-29T10:39:11","modified_gmt":"2025-05-29T08:39:11","slug":"la-vicerrectora-asuncion-amoros-participa-en-alicante-en-el-foro-educacion-y-cultura-valores-para-una-sociedad-que-avanza","status":"publish","type":"post","link":"https:\/\/comunicacion.umh.es\/en\/2025\/05\/29\/la-vicerrectora-asuncion-amoros-participa-en-alicante-en-el-foro-educacion-y-cultura-valores-para-una-sociedad-que-avanza\/","title":{"rendered":"<span lang=\"es\">(Espa\u00f1ol) La vicerrectora Asunci\u00f3n Amor\u00f3s participa en Alicante en el foro Educaci\u00f3n y cultura, valores para una sociedad que avanza<\/span>"},"content":{"rendered":"<p class=\"qtranxs-available-languages-message qtranxs-available-languages-message-en\">Sorry, this entry is only available in <a href=\"https:\/\/comunicacion.umh.es\/es\/wp-json\/wp\/v2\/posts\/186151\" class=\"qtranxs-available-language-link qtranxs-available-language-link-es\" title=\"Espa\u00f1ol\">European Spanish<\/a>.<\/p>","protected":false},"excerpt":{"rendered":"<p>Sorry, this entry is only available in European Spanish.<\/p>\n","protected":false},"author":18333,"featured_media":0,"comment_status":"closed","ping_status":"open","sticky":false,"template":"","format":"standard","meta":{"ngg_post_thumbnail":0,"_links_to":"","_links_to_target":""},"categories":[43],"tags":[],"_links":{"self":[{"href":"https:\/\/comunicacion.umh.es\/en\/wp-json\/wp\/v2\/posts\/186151"}],"collection":[{"href":"https:\/\/comunicacion.umh.es\/en\/wp-json\/wp\/v2\/posts"}],"about":[{"href":"https:\/\/comunicacion.umh.es\/en\/wp-json\/wp\/v2\/types\/post"}],"author":[{"embeddable":true,"href":"https:\/\/comunicacion.umh.es\/en\/wp-json\/wp\/v2\/users\/18333"}],"replies":[{"embeddable":true,"href":"https:\/\/comunicacion.umh.es\/en\/wp-json\/wp\/v2\/comments?post=186151"}],"version-history":[{"count":0,"href":"https:\/\/comunicacion.umh.es\/en\/wp-json\/wp\/v2\/posts\/186151\/revisions"}],"wp:attachment":[{"href":"https:\/\/comunicacion.umh.es\/en\/wp-json\/wp\/v2\/media?parent=186151"}],"wp:term":[{"taxonomy":"category","embeddable":true,"href":"https:\/\/comunicacion.umh.es\/en\/wp-json\/wp\/v2\/categories?post=186151"},{"taxonomy":"post_tag","embeddable":true,"href":"https:\/\/comunicacion.umh.es\/en\/wp-json\/wp\/v2\/tags?post=186151"}],"curies":[{"name":"wp","href":"https:\/\/api.w.org\/{rel}","templated":true}]}}