{"id":189068,"date":"2025-09-26T09:26:26","date_gmt":"2025-09-26T07:26:26","guid":{"rendered":"https:\/\/comunicacion.umh.es\/?p=189068"},"modified":"2025-09-26T09:26:26","modified_gmt":"2025-09-26T07:26:26","slug":"renovacion-del-convenio-con-la-coordinadora-valenciana-de-ongds-para-colaborar-en-materia-de-educacion-cultura-e-investigacion","status":"publish","type":"post","link":"https:\/\/comunicacion.umh.es\/en\/2025\/09\/26\/renovacion-del-convenio-con-la-coordinadora-valenciana-de-ongds-para-colaborar-en-materia-de-educacion-cultura-e-investigacion\/","title":{"rendered":"<span lang=\"es\">(Espa\u00f1ol) Renovaci\u00f3n del convenio con la Coordinadora valenciana de ONGDs para colaborar en materia de educaci\u00f3n, cultura e investigaci\u00f3n<\/span>"},"content":{"rendered":"<p class=\"qtranxs-available-languages-message qtranxs-available-languages-message-en\">Sorry, this entry is only available in <a href=\"https:\/\/comunicacion.umh.es\/es\/wp-json\/wp\/v2\/posts\/189068\" class=\"qtranxs-available-language-link qtranxs-available-language-link-es\" title=\"Espa\u00f1ol\">European Spanish<\/a>.<\/p>","protected":false},"excerpt":{"rendered":"<p>Sorry, this entry is only available in European Spanish.<\/p>\n","protected":false},"author":3226,"featured_media":0,"comment_status":"closed","ping_status":"open","sticky":false,"template":"","format":"standard","meta":{"ngg_post_thumbnail":0,"_links_to":"","_links_to_target":""},"categories":[43],"tags":[],"_links":{"self":[{"href":"https:\/\/comunicacion.umh.es\/en\/wp-json\/wp\/v2\/posts\/189068"}],"collection":[{"href":"https:\/\/comunicacion.umh.es\/en\/wp-json\/wp\/v2\/posts"}],"about":[{"href":"https:\/\/comunicacion.umh.es\/en\/wp-json\/wp\/v2\/types\/post"}],"author":[{"embeddable":true,"href":"https:\/\/comunicacion.umh.es\/en\/wp-json\/wp\/v2\/users\/3226"}],"replies":[{"embeddable":true,"href":"https:\/\/comunicacion.umh.es\/en\/wp-json\/wp\/v2\/comments?post=189068"}],"version-history":[{"count":0,"href":"https:\/\/comunicacion.umh.es\/en\/wp-json\/wp\/v2\/posts\/189068\/revisions"}],"wp:attachment":[{"href":"https:\/\/comunicacion.umh.es\/en\/wp-json\/wp\/v2\/media?parent=189068"}],"wp:term":[{"taxonomy":"category","embeddable":true,"href":"https:\/\/comunicacion.umh.es\/en\/wp-json\/wp\/v2\/categories?post=189068"},{"taxonomy":"post_tag","embeddable":true,"href":"https:\/\/comunicacion.umh.es\/en\/wp-json\/wp\/v2\/tags?post=189068"}],"curies":[{"name":"wp","href":"https:\/\/api.w.org\/{rel}","templated":true}]}}