{"id":191119,"date":"2025-11-27T10:36:29","date_gmt":"2025-11-27T09:36:29","guid":{"rendered":"https:\/\/comunicacion.umh.es\/?p=191119"},"modified":"2025-11-28T11:46:02","modified_gmt":"2025-11-28T10:46:02","slug":"la-europa-de-los-27-avanza-hacia-los-objetivos-de-desarrollo-sostenible-a-dos-velocidades-segun-un-modelo-matematico-creado-en-la-umh","status":"publish","type":"post","link":"https:\/\/comunicacion.umh.es\/en\/2025\/11\/27\/la-europa-de-los-27-avanza-hacia-los-objetivos-de-desarrollo-sostenible-a-dos-velocidades-segun-un-modelo-matematico-creado-en-la-umh\/","title":{"rendered":"<span lang=\"es\">(Espa\u00f1ol) La Europa de los 27 avanza hacia los Objetivos de Desarrollo Sostenible a dos velocidades, seg\u00fan un modelo matem\u00e1tico creado en la UMH<\/span>"},"content":{"rendered":"<p class=\"qtranxs-available-languages-message qtranxs-available-languages-message-en\">Sorry, this entry is only available in <a href=\"https:\/\/comunicacion.umh.es\/es\/wp-json\/wp\/v2\/posts\/191119\" class=\"qtranxs-available-language-link qtranxs-available-language-link-es\" title=\"Espa\u00f1ol\">European Spanish<\/a> and <a href=\"https:\/\/comunicacion.umh.es\/ca\/wp-json\/wp\/v2\/posts\/191119\" class=\"qtranxs-available-language-link qtranxs-available-language-link-ca\" title=\"Valenci\u00e0\">Catalan<\/a>.<\/p>","protected":false},"excerpt":{"rendered":"<p>Sorry, this entry is only available in European Spanish and Catalan.<\/p>\n","protected":false},"author":32202,"featured_media":0,"comment_status":"closed","ping_status":"open","sticky":false,"template":"","format":"standard","meta":{"ngg_post_thumbnail":0,"_links_to":"","_links_to_target":""},"categories":[43],"tags":[],"_links":{"self":[{"href":"https:\/\/comunicacion.umh.es\/en\/wp-json\/wp\/v2\/posts\/191119"}],"collection":[{"href":"https:\/\/comunicacion.umh.es\/en\/wp-json\/wp\/v2\/posts"}],"about":[{"href":"https:\/\/comunicacion.umh.es\/en\/wp-json\/wp\/v2\/types\/post"}],"author":[{"embeddable":true,"href":"https:\/\/comunicacion.umh.es\/en\/wp-json\/wp\/v2\/users\/32202"}],"replies":[{"embeddable":true,"href":"https:\/\/comunicacion.umh.es\/en\/wp-json\/wp\/v2\/comments?post=191119"}],"version-history":[{"count":0,"href":"https:\/\/comunicacion.umh.es\/en\/wp-json\/wp\/v2\/posts\/191119\/revisions"}],"wp:attachment":[{"href":"https:\/\/comunicacion.umh.es\/en\/wp-json\/wp\/v2\/media?parent=191119"}],"wp:term":[{"taxonomy":"category","embeddable":true,"href":"https:\/\/comunicacion.umh.es\/en\/wp-json\/wp\/v2\/categories?post=191119"},{"taxonomy":"post_tag","embeddable":true,"href":"https:\/\/comunicacion.umh.es\/en\/wp-json\/wp\/v2\/tags?post=191119"}],"curies":[{"name":"wp","href":"https:\/\/api.w.org\/{rel}","templated":true}]}}