{"id":192571,"date":"2026-02-06T09:16:33","date_gmt":"2026-02-06T08:16:33","guid":{"rendered":"https:\/\/comunicacion.umh.es\/?p=192571"},"modified":"2026-02-06T09:16:33","modified_gmt":"2026-02-06T08:16:33","slug":"icu-medical-del-pcumh-colabora-con-swan-medical-para-impulsar-la-industrializacion-de-su-dispositivo-de-estimulacion-cardiaca-temporal","status":"publish","type":"post","link":"https:\/\/comunicacion.umh.es\/en\/2026\/02\/06\/icu-medical-del-pcumh-colabora-con-swan-medical-para-impulsar-la-industrializacion-de-su-dispositivo-de-estimulacion-cardiaca-temporal\/","title":{"rendered":"<span lang=\"es\">(Espa\u00f1ol) ICU Medical del PCUMH colabora con Swan Medical para impulsar la industrializaci\u00f3n de su dispositivo de estimulaci\u00f3n cardiaca temporal<\/span>"},"content":{"rendered":"<p class=\"qtranxs-available-languages-message qtranxs-available-languages-message-en\">Sorry, this entry is only available in <a href=\"https:\/\/comunicacion.umh.es\/es\/wp-json\/wp\/v2\/posts\/192571\" class=\"qtranxs-available-language-link qtranxs-available-language-link-es\" title=\"Espa\u00f1ol\">European Spanish<\/a>.<\/p>","protected":false},"excerpt":{"rendered":"<p>Sorry, this entry is only available in European Spanish.<\/p>\n","protected":false},"author":32202,"featured_media":0,"comment_status":"closed","ping_status":"open","sticky":false,"template":"","format":"standard","meta":{"ngg_post_thumbnail":0,"_links_to":"","_links_to_target":""},"categories":[43],"tags":[],"_links":{"self":[{"href":"https:\/\/comunicacion.umh.es\/en\/wp-json\/wp\/v2\/posts\/192571"}],"collection":[{"href":"https:\/\/comunicacion.umh.es\/en\/wp-json\/wp\/v2\/posts"}],"about":[{"href":"https:\/\/comunicacion.umh.es\/en\/wp-json\/wp\/v2\/types\/post"}],"author":[{"embeddable":true,"href":"https:\/\/comunicacion.umh.es\/en\/wp-json\/wp\/v2\/users\/32202"}],"replies":[{"embeddable":true,"href":"https:\/\/comunicacion.umh.es\/en\/wp-json\/wp\/v2\/comments?post=192571"}],"version-history":[{"count":0,"href":"https:\/\/comunicacion.umh.es\/en\/wp-json\/wp\/v2\/posts\/192571\/revisions"}],"wp:attachment":[{"href":"https:\/\/comunicacion.umh.es\/en\/wp-json\/wp\/v2\/media?parent=192571"}],"wp:term":[{"taxonomy":"category","embeddable":true,"href":"https:\/\/comunicacion.umh.es\/en\/wp-json\/wp\/v2\/categories?post=192571"},{"taxonomy":"post_tag","embeddable":true,"href":"https:\/\/comunicacion.umh.es\/en\/wp-json\/wp\/v2\/tags?post=192571"}],"curies":[{"name":"wp","href":"https:\/\/api.w.org\/{rel}","templated":true}]}}