{"id":193195,"date":"2026-02-27T09:54:49","date_gmt":"2026-02-27T08:54:49","guid":{"rendered":"https:\/\/comunicacion.umh.es\/?p=193195"},"modified":"2026-02-27T09:55:25","modified_gmt":"2026-02-27T08:55:25","slug":"un-estudio-clinico-liderado-por-el-instituto-de-neurociencias-revela-que-la-aniridia-provoca-una-perdida-progresiva-de-sensibilidad-en-la-cornea","status":"publish","type":"post","link":"https:\/\/comunicacion.umh.es\/en\/2026\/02\/27\/un-estudio-clinico-liderado-por-el-instituto-de-neurociencias-revela-que-la-aniridia-provoca-una-perdida-progresiva-de-sensibilidad-en-la-cornea\/","title":{"rendered":"<span lang=\"es\">(Espa\u00f1ol) Un estudio cl\u00ednico liderado por el Instituto de Neurociencias revela que la aniridia provoca una p\u00e9rdida progresiva de sensibilidad en la c\u00f3rnea<\/span>"},"content":{"rendered":"<p class=\"qtranxs-available-languages-message qtranxs-available-languages-message-en\">Sorry, this entry is only available in <a href=\"https:\/\/comunicacion.umh.es\/es\/wp-json\/wp\/v2\/posts\/193195\" class=\"qtranxs-available-language-link qtranxs-available-language-link-es\" title=\"Espa\u00f1ol\">European Spanish<\/a>.<\/p>","protected":false},"excerpt":{"rendered":"<p>Sorry, this entry is only available in European Spanish.<\/p>\n","protected":false},"author":2693,"featured_media":0,"comment_status":"closed","ping_status":"open","sticky":false,"template":"","format":"standard","meta":{"ngg_post_thumbnail":0,"_links_to":"","_links_to_target":""},"categories":[43],"tags":[],"_links":{"self":[{"href":"https:\/\/comunicacion.umh.es\/en\/wp-json\/wp\/v2\/posts\/193195"}],"collection":[{"href":"https:\/\/comunicacion.umh.es\/en\/wp-json\/wp\/v2\/posts"}],"about":[{"href":"https:\/\/comunicacion.umh.es\/en\/wp-json\/wp\/v2\/types\/post"}],"author":[{"embeddable":true,"href":"https:\/\/comunicacion.umh.es\/en\/wp-json\/wp\/v2\/users\/2693"}],"replies":[{"embeddable":true,"href":"https:\/\/comunicacion.umh.es\/en\/wp-json\/wp\/v2\/comments?post=193195"}],"version-history":[{"count":0,"href":"https:\/\/comunicacion.umh.es\/en\/wp-json\/wp\/v2\/posts\/193195\/revisions"}],"wp:attachment":[{"href":"https:\/\/comunicacion.umh.es\/en\/wp-json\/wp\/v2\/media?parent=193195"}],"wp:term":[{"taxonomy":"category","embeddable":true,"href":"https:\/\/comunicacion.umh.es\/en\/wp-json\/wp\/v2\/categories?post=193195"},{"taxonomy":"post_tag","embeddable":true,"href":"https:\/\/comunicacion.umh.es\/en\/wp-json\/wp\/v2\/tags?post=193195"}],"curies":[{"name":"wp","href":"https:\/\/api.w.org\/{rel}","templated":true}]}}