{"id":193681,"date":"2026-03-16T11:06:29","date_gmt":"2026-03-16T10:06:29","guid":{"rendered":"https:\/\/comunicacion.umh.es\/?p=193681"},"modified":"2026-03-16T11:06:29","modified_gmt":"2026-03-16T10:06:29","slug":"el-uso-problematico-de-redes-sociales-aumenta-los-sintomas-depresivos-en-menores-de-16-anos-segun-un-estudio-de-la-umh","status":"publish","type":"post","link":"https:\/\/comunicacion.umh.es\/en\/2026\/03\/16\/el-uso-problematico-de-redes-sociales-aumenta-los-sintomas-depresivos-en-menores-de-16-anos-segun-un-estudio-de-la-umh\/","title":{"rendered":"<span lang=\"es\">(Espa\u00f1ol) El uso problem\u00e1tico de redes sociales aumenta los s\u00edntomas depresivos en menores de 16 a\u00f1os, seg\u00fan un estudio de la UMH<\/span>"},"content":{"rendered":"<p class=\"qtranxs-available-languages-message qtranxs-available-languages-message-en\">Sorry, this entry is only available in <a href=\"https:\/\/comunicacion.umh.es\/es\/wp-json\/wp\/v2\/posts\/193681\" class=\"qtranxs-available-language-link qtranxs-available-language-link-es\" title=\"Espa\u00f1ol\">European Spanish<\/a> and <a href=\"https:\/\/comunicacion.umh.es\/ca\/wp-json\/wp\/v2\/posts\/193681\" class=\"qtranxs-available-language-link qtranxs-available-language-link-ca\" title=\"Valenci\u00e0\">Catalan<\/a>.<\/p>","protected":false},"excerpt":{"rendered":"<p>Sorry, this entry is only available in European Spanish and Catalan.<\/p>\n","protected":false},"author":32202,"featured_media":0,"comment_status":"closed","ping_status":"open","sticky":false,"template":"","format":"standard","meta":{"ngg_post_thumbnail":0,"_links_to":"","_links_to_target":""},"categories":[43],"tags":[],"_links":{"self":[{"href":"https:\/\/comunicacion.umh.es\/en\/wp-json\/wp\/v2\/posts\/193681"}],"collection":[{"href":"https:\/\/comunicacion.umh.es\/en\/wp-json\/wp\/v2\/posts"}],"about":[{"href":"https:\/\/comunicacion.umh.es\/en\/wp-json\/wp\/v2\/types\/post"}],"author":[{"embeddable":true,"href":"https:\/\/comunicacion.umh.es\/en\/wp-json\/wp\/v2\/users\/32202"}],"replies":[{"embeddable":true,"href":"https:\/\/comunicacion.umh.es\/en\/wp-json\/wp\/v2\/comments?post=193681"}],"version-history":[{"count":0,"href":"https:\/\/comunicacion.umh.es\/en\/wp-json\/wp\/v2\/posts\/193681\/revisions"}],"wp:attachment":[{"href":"https:\/\/comunicacion.umh.es\/en\/wp-json\/wp\/v2\/media?parent=193681"}],"wp:term":[{"taxonomy":"category","embeddable":true,"href":"https:\/\/comunicacion.umh.es\/en\/wp-json\/wp\/v2\/categories?post=193681"},{"taxonomy":"post_tag","embeddable":true,"href":"https:\/\/comunicacion.umh.es\/en\/wp-json\/wp\/v2\/tags?post=193681"}],"curies":[{"name":"wp","href":"https:\/\/api.w.org\/{rel}","templated":true}]}}