{"id":193864,"date":"2026-03-23T09:59:47","date_gmt":"2026-03-23T08:59:47","guid":{"rendered":"https:\/\/comunicacion.umh.es\/?p=193864"},"modified":"2026-03-23T09:59:47","modified_gmt":"2026-03-23T08:59:47","slug":"el-parque-cientifico-y-el-ayuntamiento-de-aspe-organizan-una-jornada-sobre-tecnicas-para-el-analisis-del-mercado","status":"publish","type":"post","link":"https:\/\/comunicacion.umh.es\/en\/2026\/03\/23\/el-parque-cientifico-y-el-ayuntamiento-de-aspe-organizan-una-jornada-sobre-tecnicas-para-el-analisis-del-mercado\/","title":{"rendered":"<span lang=\"es\">(Espa\u00f1ol) El Parque Cient\u00edfico y el Ayuntamiento de Aspe organizan una jornada sobre t\u00e9cnicas para el an\u00e1lisis del mercado<\/span>"},"content":{"rendered":"<p class=\"qtranxs-available-languages-message qtranxs-available-languages-message-en\">Sorry, this entry is only available in <a href=\"https:\/\/comunicacion.umh.es\/es\/wp-json\/wp\/v2\/posts\/193864\" class=\"qtranxs-available-language-link qtranxs-available-language-link-es\" title=\"Espa\u00f1ol\">European Spanish<\/a>.<\/p>","protected":false},"excerpt":{"rendered":"<p>Sorry, this entry is only available in European Spanish.<\/p>\n","protected":false},"author":32202,"featured_media":0,"comment_status":"closed","ping_status":"open","sticky":false,"template":"","format":"standard","meta":{"ngg_post_thumbnail":0,"_links_to":"","_links_to_target":""},"categories":[43],"tags":[],"_links":{"self":[{"href":"https:\/\/comunicacion.umh.es\/en\/wp-json\/wp\/v2\/posts\/193864"}],"collection":[{"href":"https:\/\/comunicacion.umh.es\/en\/wp-json\/wp\/v2\/posts"}],"about":[{"href":"https:\/\/comunicacion.umh.es\/en\/wp-json\/wp\/v2\/types\/post"}],"author":[{"embeddable":true,"href":"https:\/\/comunicacion.umh.es\/en\/wp-json\/wp\/v2\/users\/32202"}],"replies":[{"embeddable":true,"href":"https:\/\/comunicacion.umh.es\/en\/wp-json\/wp\/v2\/comments?post=193864"}],"version-history":[{"count":0,"href":"https:\/\/comunicacion.umh.es\/en\/wp-json\/wp\/v2\/posts\/193864\/revisions"}],"wp:attachment":[{"href":"https:\/\/comunicacion.umh.es\/en\/wp-json\/wp\/v2\/media?parent=193864"}],"wp:term":[{"taxonomy":"category","embeddable":true,"href":"https:\/\/comunicacion.umh.es\/en\/wp-json\/wp\/v2\/categories?post=193864"},{"taxonomy":"post_tag","embeddable":true,"href":"https:\/\/comunicacion.umh.es\/en\/wp-json\/wp\/v2\/tags?post=193864"}],"curies":[{"name":"wp","href":"https:\/\/api.w.org\/{rel}","templated":true}]}}