{"id":194611,"date":"2026-04-20T12:54:45","date_gmt":"2026-04-20T10:54:45","guid":{"rendered":"https:\/\/comunicacion.umh.es\/?p=194611"},"modified":"2026-04-20T12:58:19","modified_gmt":"2026-04-20T10:58:19","slug":"un-estudio-del-instituto-de-neurociencias-revela-que-en-los-tumores-primarios-de-cancer-de-mama-ya-existen-celulas-preparadas-para-formar-metastasis","status":"publish","type":"post","link":"https:\/\/comunicacion.umh.es\/en\/2026\/04\/20\/un-estudio-del-instituto-de-neurociencias-revela-que-en-los-tumores-primarios-de-cancer-de-mama-ya-existen-celulas-preparadas-para-formar-metastasis\/","title":{"rendered":"<span lang=\"es\">(Espa\u00f1ol) Un estudio del Instituto de Neurociencias revela que en los tumores primarios de c\u00e1ncer de mama ya existen c\u00e9lulas preparadas para formar met\u00e1stasis<\/span>"},"content":{"rendered":"<p class=\"qtranxs-available-languages-message qtranxs-available-languages-message-en\">Sorry, this entry is only available in <a href=\"https:\/\/comunicacion.umh.es\/es\/wp-json\/wp\/v2\/posts\/194611\" class=\"qtranxs-available-language-link qtranxs-available-language-link-es\" title=\"Espa\u00f1ol\">European Spanish<\/a>.<\/p>","protected":false},"excerpt":{"rendered":"<p>Sorry, this entry is only available in European Spanish.<\/p>\n","protected":false},"author":2693,"featured_media":0,"comment_status":"closed","ping_status":"open","sticky":false,"template":"","format":"standard","meta":{"ngg_post_thumbnail":0,"_links_to":"","_links_to_target":""},"categories":[43],"tags":[],"_links":{"self":[{"href":"https:\/\/comunicacion.umh.es\/en\/wp-json\/wp\/v2\/posts\/194611"}],"collection":[{"href":"https:\/\/comunicacion.umh.es\/en\/wp-json\/wp\/v2\/posts"}],"about":[{"href":"https:\/\/comunicacion.umh.es\/en\/wp-json\/wp\/v2\/types\/post"}],"author":[{"embeddable":true,"href":"https:\/\/comunicacion.umh.es\/en\/wp-json\/wp\/v2\/users\/2693"}],"replies":[{"embeddable":true,"href":"https:\/\/comunicacion.umh.es\/en\/wp-json\/wp\/v2\/comments?post=194611"}],"version-history":[{"count":0,"href":"https:\/\/comunicacion.umh.es\/en\/wp-json\/wp\/v2\/posts\/194611\/revisions"}],"wp:attachment":[{"href":"https:\/\/comunicacion.umh.es\/en\/wp-json\/wp\/v2\/media?parent=194611"}],"wp:term":[{"taxonomy":"category","embeddable":true,"href":"https:\/\/comunicacion.umh.es\/en\/wp-json\/wp\/v2\/categories?post=194611"},{"taxonomy":"post_tag","embeddable":true,"href":"https:\/\/comunicacion.umh.es\/en\/wp-json\/wp\/v2\/tags?post=194611"}],"curies":[{"name":"wp","href":"https:\/\/api.w.org\/{rel}","templated":true}]}}