{"id":194645,"date":"2026-04-21T12:21:24","date_gmt":"2026-04-21T10:21:24","guid":{"rendered":"https:\/\/comunicacion.umh.es\/?p=194645"},"modified":"2026-04-21T12:21:24","modified_gmt":"2026-04-21T10:21:24","slug":"el-ozono-danino-ha-aumentado-en-las-ciudades-de-la-comunitat-valenciana-en-los-ultimos-20-anos-segun-un-estudio-de-la-umh","status":"publish","type":"post","link":"https:\/\/comunicacion.umh.es\/en\/2026\/04\/21\/el-ozono-danino-ha-aumentado-en-las-ciudades-de-la-comunitat-valenciana-en-los-ultimos-20-anos-segun-un-estudio-de-la-umh\/","title":{"rendered":"<span lang=\"es\">(Espa\u00f1ol) El ozono \u2018da\u00f1ino\u2019 ha aumentado en las ciudades de la Comunitat Valenciana en los \u00faltimos 20 a\u00f1os, seg\u00fan un estudio de la UMH<\/span>"},"content":{"rendered":"<p class=\"qtranxs-available-languages-message qtranxs-available-languages-message-en\">Sorry, this entry is only available in <a href=\"https:\/\/comunicacion.umh.es\/es\/wp-json\/wp\/v2\/posts\/194645\" class=\"qtranxs-available-language-link qtranxs-available-language-link-es\" title=\"Espa\u00f1ol\">European Spanish<\/a>.<\/p>","protected":false},"excerpt":{"rendered":"<p>Sorry, this entry is only available in European Spanish.<\/p>\n","protected":false},"author":2693,"featured_media":0,"comment_status":"closed","ping_status":"open","sticky":false,"template":"","format":"standard","meta":{"ngg_post_thumbnail":0,"_links_to":"","_links_to_target":""},"categories":[43],"tags":[],"_links":{"self":[{"href":"https:\/\/comunicacion.umh.es\/en\/wp-json\/wp\/v2\/posts\/194645"}],"collection":[{"href":"https:\/\/comunicacion.umh.es\/en\/wp-json\/wp\/v2\/posts"}],"about":[{"href":"https:\/\/comunicacion.umh.es\/en\/wp-json\/wp\/v2\/types\/post"}],"author":[{"embeddable":true,"href":"https:\/\/comunicacion.umh.es\/en\/wp-json\/wp\/v2\/users\/2693"}],"replies":[{"embeddable":true,"href":"https:\/\/comunicacion.umh.es\/en\/wp-json\/wp\/v2\/comments?post=194645"}],"version-history":[{"count":0,"href":"https:\/\/comunicacion.umh.es\/en\/wp-json\/wp\/v2\/posts\/194645\/revisions"}],"wp:attachment":[{"href":"https:\/\/comunicacion.umh.es\/en\/wp-json\/wp\/v2\/media?parent=194645"}],"wp:term":[{"taxonomy":"category","embeddable":true,"href":"https:\/\/comunicacion.umh.es\/en\/wp-json\/wp\/v2\/categories?post=194645"},{"taxonomy":"post_tag","embeddable":true,"href":"https:\/\/comunicacion.umh.es\/en\/wp-json\/wp\/v2\/tags?post=194645"}],"curies":[{"name":"wp","href":"https:\/\/api.w.org\/{rel}","templated":true}]}}