{"id":194714,"date":"2026-04-23T10:37:48","date_gmt":"2026-04-23T08:37:48","guid":{"rendered":"https:\/\/comunicacion.umh.es\/?p=194714"},"modified":"2026-04-23T10:37:48","modified_gmt":"2026-04-23T08:37:48","slug":"la-profesora-elsa-lopez-desarrolla-una-linea-centrada-en-la-integracion-de-la-atencion-farmaceutica-en-la-formacion-universitaria","status":"publish","type":"post","link":"https:\/\/comunicacion.umh.es\/en\/2026\/04\/23\/la-profesora-elsa-lopez-desarrolla-una-linea-centrada-en-la-integracion-de-la-atencion-farmaceutica-en-la-formacion-universitaria\/","title":{"rendered":"<span lang=\"es\">(Espa\u00f1ol) La profesora Elsa L\u00f3pez desarrolla una l\u00ednea centrada en la integraci\u00f3n de la Atenci\u00f3n Farmac\u00e9utica en la formaci\u00f3n universitaria<\/span>"},"content":{"rendered":"<p class=\"qtranxs-available-languages-message qtranxs-available-languages-message-en\">Sorry, this entry is only available in <a href=\"https:\/\/comunicacion.umh.es\/es\/wp-json\/wp\/v2\/posts\/194714\" class=\"qtranxs-available-language-link qtranxs-available-language-link-es\" title=\"Espa\u00f1ol\">European Spanish<\/a>.<\/p>","protected":false},"excerpt":{"rendered":"<p>Sorry, this entry is only available in European Spanish.<\/p>\n","protected":false},"author":2693,"featured_media":0,"comment_status":"closed","ping_status":"open","sticky":false,"template":"","format":"standard","meta":{"ngg_post_thumbnail":0,"_links_to":"","_links_to_target":""},"categories":[43],"tags":[],"_links":{"self":[{"href":"https:\/\/comunicacion.umh.es\/en\/wp-json\/wp\/v2\/posts\/194714"}],"collection":[{"href":"https:\/\/comunicacion.umh.es\/en\/wp-json\/wp\/v2\/posts"}],"about":[{"href":"https:\/\/comunicacion.umh.es\/en\/wp-json\/wp\/v2\/types\/post"}],"author":[{"embeddable":true,"href":"https:\/\/comunicacion.umh.es\/en\/wp-json\/wp\/v2\/users\/2693"}],"replies":[{"embeddable":true,"href":"https:\/\/comunicacion.umh.es\/en\/wp-json\/wp\/v2\/comments?post=194714"}],"version-history":[{"count":0,"href":"https:\/\/comunicacion.umh.es\/en\/wp-json\/wp\/v2\/posts\/194714\/revisions"}],"wp:attachment":[{"href":"https:\/\/comunicacion.umh.es\/en\/wp-json\/wp\/v2\/media?parent=194714"}],"wp:term":[{"taxonomy":"category","embeddable":true,"href":"https:\/\/comunicacion.umh.es\/en\/wp-json\/wp\/v2\/categories?post=194714"},{"taxonomy":"post_tag","embeddable":true,"href":"https:\/\/comunicacion.umh.es\/en\/wp-json\/wp\/v2\/tags?post=194714"}],"curies":[{"name":"wp","href":"https:\/\/api.w.org\/{rel}","templated":true}]}}