{"id":30951,"date":"2008-12-05T00:00:00","date_gmt":"2008-12-04T23:00:00","guid":{"rendered":"http:\/\/comunicacion.umh.es\/2008\/12\/05 00:00:00\/una-tesis-de-la-umh-obtiene-el-premio-nacional-juan-abello-pascual-como-mejor-trabajo-del-area-de-bioquimica\/"},"modified":"-0001-11-30T00:00:00","modified_gmt":"-0001-11-29T22:00:00","slug":"una-tesis-de-la-umh-obtiene-el-premio-nacional-juan-abello-pascual-como-mejor-trabajo-del-area-de-bioquimica","status":"publish","type":"post","link":"https:\/\/comunicacion.umh.es\/en\/2008\/12\/05\/una-tesis-de-la-umh-obtiene-el-premio-nacional-juan-abello-pascual-como-mejor-trabajo-del-area-de-bioquimica\/","title":{"rendered":"<span lang=\"es\">(Espa\u00f1ol) Una tesis de la UMH obtiene el Premio Nacional Juan Abell\u00f3 Pascual como mejor trabajo del \u00e1rea de Bioqu\u00edmica<\/span>"},"content":{"rendered":"<p class=\"qtranxs-available-languages-message qtranxs-available-languages-message-en\">Sorry, this entry is only available in <a href=\"https:\/\/comunicacion.umh.es\/es\/wp-json\/wp\/v2\/posts\/30951\" class=\"qtranxs-available-language-link qtranxs-available-language-link-es\" title=\"Espa\u00f1ol\">European Spanish<\/a>.<\/p>","protected":false},"excerpt":{"rendered":"<p>Sorry, this entry is only available in European Spanish.<\/p>\n","protected":false},"author":1,"featured_media":0,"comment_status":"open","ping_status":"open","sticky":false,"template":"","format":"standard","meta":{"ngg_post_thumbnail":0,"_links_to":"","_links_to_target":""},"categories":[43],"tags":[],"_links":{"self":[{"href":"https:\/\/comunicacion.umh.es\/en\/wp-json\/wp\/v2\/posts\/30951"}],"collection":[{"href":"https:\/\/comunicacion.umh.es\/en\/wp-json\/wp\/v2\/posts"}],"about":[{"href":"https:\/\/comunicacion.umh.es\/en\/wp-json\/wp\/v2\/types\/post"}],"author":[{"embeddable":true,"href":"https:\/\/comunicacion.umh.es\/en\/wp-json\/wp\/v2\/users\/1"}],"replies":[{"embeddable":true,"href":"https:\/\/comunicacion.umh.es\/en\/wp-json\/wp\/v2\/comments?post=30951"}],"version-history":[{"count":0,"href":"https:\/\/comunicacion.umh.es\/en\/wp-json\/wp\/v2\/posts\/30951\/revisions"}],"wp:attachment":[{"href":"https:\/\/comunicacion.umh.es\/en\/wp-json\/wp\/v2\/media?parent=30951"}],"wp:term":[{"taxonomy":"category","embeddable":true,"href":"https:\/\/comunicacion.umh.es\/en\/wp-json\/wp\/v2\/categories?post=30951"},{"taxonomy":"post_tag","embeddable":true,"href":"https:\/\/comunicacion.umh.es\/en\/wp-json\/wp\/v2\/tags?post=30951"}],"curies":[{"name":"wp","href":"https:\/\/api.w.org\/{rel}","templated":true}]}}