{"id":51211,"date":"2012-05-14T13:16:53","date_gmt":"2012-05-14T11:16:53","guid":{"rendered":"http:\/\/comunicacion.umh.es\/2012\/05\/14\/la-umh-firma-un-convenio-de-colaboracion-con-el-ayuntamiento-de-monovar-para-la-realizacion-de-cursos-de-verano\/"},"modified":"2012-05-14T14:08:01","modified_gmt":"2012-05-14T12:08:01","slug":"la-umh-firma-un-convenio-de-colaboracion-con-el-ayuntamiento-de-monovar-para-la-realizacion-de-cursos-de-verano","status":"publish","type":"post","link":"https:\/\/comunicacion.umh.es\/en\/2012\/05\/14\/la-umh-firma-un-convenio-de-colaboracion-con-el-ayuntamiento-de-monovar-para-la-realizacion-de-cursos-de-verano\/","title":{"rendered":"<span lang=\"es\">(Espa\u00f1ol) La UMH firma un convenio de colaboraci\u00f3n con el Ayuntamiento de Mon\u00f3var para la realizaci\u00f3n de cursos de verano<\/span>"},"content":{"rendered":"<p><\/p>\n<p><p><!--more--><\/p>\n<\/p>\n<p><\/p>","protected":false},"excerpt":{"rendered":"","protected":false},"author":1772,"featured_media":0,"comment_status":"closed","ping_status":"open","sticky":false,"template":"","format":"standard","meta":{"ngg_post_thumbnail":0,"_links_to":"","_links_to_target":""},"categories":[770,570,87,69,2782,2790,43,2778,2420],"tags":[],"_links":{"self":[{"href":"https:\/\/comunicacion.umh.es\/en\/wp-json\/wp\/v2\/posts\/51211"}],"collection":[{"href":"https:\/\/comunicacion.umh.es\/en\/wp-json\/wp\/v2\/posts"}],"about":[{"href":"https:\/\/comunicacion.umh.es\/en\/wp-json\/wp\/v2\/types\/post"}],"author":[{"embeddable":true,"href":"https:\/\/comunicacion.umh.es\/en\/wp-json\/wp\/v2\/users\/1772"}],"replies":[{"embeddable":true,"href":"https:\/\/comunicacion.umh.es\/en\/wp-json\/wp\/v2\/comments?post=51211"}],"version-history":[{"count":0,"href":"https:\/\/comunicacion.umh.es\/en\/wp-json\/wp\/v2\/posts\/51211\/revisions"}],"wp:attachment":[{"href":"https:\/\/comunicacion.umh.es\/en\/wp-json\/wp\/v2\/media?parent=51211"}],"wp:term":[{"taxonomy":"category","embeddable":true,"href":"https:\/\/comunicacion.umh.es\/en\/wp-json\/wp\/v2\/categories?post=51211"},{"taxonomy":"post_tag","embeddable":true,"href":"https:\/\/comunicacion.umh.es\/en\/wp-json\/wp\/v2\/tags?post=51211"}],"curies":[{"name":"wp","href":"https:\/\/api.w.org\/{rel}","templated":true}]}}