{"id":52685,"date":"2012-06-27T12:34:22","date_gmt":"2012-06-27T10:34:22","guid":{"rendered":"http:\/\/comunicacion.umh.es\/?p=52685"},"modified":"2012-06-27T12:34:22","modified_gmt":"2012-06-27T10:34:22","slug":"el-profesor-de-la-umh-jose-angel-perez-imparte-una-conferencia-en-la-habana-sobre-compuestos-bioactivos","status":"publish","type":"post","link":"https:\/\/comunicacion.umh.es\/en\/2012\/06\/27\/el-profesor-de-la-umh-jose-angel-perez-imparte-una-conferencia-en-la-habana-sobre-compuestos-bioactivos\/","title":{"rendered":"<span lang=\"es\">(Espa\u00f1ol) El profesor de la UMH Jos\u00e9 \u00c1ngel P\u00e9rez imparte una conferencia en La Habana sobre compuestos bioactivos<\/span>"},"content":{"rendered":"<p class=\"qtranxs-available-languages-message qtranxs-available-languages-message-en\">Sorry, this entry is only available in <a href=\"https:\/\/comunicacion.umh.es\/es\/wp-json\/wp\/v2\/posts\/52685\" class=\"qtranxs-available-language-link qtranxs-available-language-link-es\" title=\"Espa\u00f1ol\">European Spanish<\/a>.<\/p>","protected":false},"excerpt":{"rendered":"<p>Sorry, this entry is only available in European Spanish.<\/p>\n","protected":false},"author":1771,"featured_media":0,"comment_status":"closed","ping_status":"open","sticky":false,"template":"","format":"standard","meta":{"ngg_post_thumbnail":0,"_links_to":"","_links_to_target":""},"categories":[770,2782,191,2790,43,394],"tags":[],"_links":{"self":[{"href":"https:\/\/comunicacion.umh.es\/en\/wp-json\/wp\/v2\/posts\/52685"}],"collection":[{"href":"https:\/\/comunicacion.umh.es\/en\/wp-json\/wp\/v2\/posts"}],"about":[{"href":"https:\/\/comunicacion.umh.es\/en\/wp-json\/wp\/v2\/types\/post"}],"author":[{"embeddable":true,"href":"https:\/\/comunicacion.umh.es\/en\/wp-json\/wp\/v2\/users\/1771"}],"replies":[{"embeddable":true,"href":"https:\/\/comunicacion.umh.es\/en\/wp-json\/wp\/v2\/comments?post=52685"}],"version-history":[{"count":0,"href":"https:\/\/comunicacion.umh.es\/en\/wp-json\/wp\/v2\/posts\/52685\/revisions"}],"wp:attachment":[{"href":"https:\/\/comunicacion.umh.es\/en\/wp-json\/wp\/v2\/media?parent=52685"}],"wp:term":[{"taxonomy":"category","embeddable":true,"href":"https:\/\/comunicacion.umh.es\/en\/wp-json\/wp\/v2\/categories?post=52685"},{"taxonomy":"post_tag","embeddable":true,"href":"https:\/\/comunicacion.umh.es\/en\/wp-json\/wp\/v2\/tags?post=52685"}],"curies":[{"name":"wp","href":"https:\/\/api.w.org\/{rel}","templated":true}]}}