{"id":52742,"date":"2012-06-28T13:08:24","date_gmt":"2012-06-28T11:08:24","guid":{"rendered":"http:\/\/comunicacion.umh.es\/2012\/06\/28\/la-umh-celebra-la-graduacion-de-los-estudiantes-de-la-escuela-politecnica-superior-de-orihuela-2\/"},"modified":"2012-06-28T13:08:24","modified_gmt":"2012-06-28T11:08:24","slug":"la-umh-celebra-la-graduacion-de-los-estudiantes-de-la-escuela-politecnica-superior-de-orihuela-2","status":"publish","type":"post","link":"https:\/\/comunicacion.umh.es\/en\/2012\/06\/28\/la-umh-celebra-la-graduacion-de-los-estudiantes-de-la-escuela-politecnica-superior-de-orihuela-2\/","title":{"rendered":"<span lang=\"es\">(Espa\u00f1ol) La UMH celebra la graduaci\u00f3n de los estudiantes de la Escuela Polit\u00e9cnica Superior de Orihuela<\/span>"},"content":{"rendered":"<p class=\"qtranxs-available-languages-message qtranxs-available-languages-message-en\">Sorry, this entry is only available in <a href=\"https:\/\/comunicacion.umh.es\/es\/wp-json\/wp\/v2\/posts\/52742\" class=\"qtranxs-available-language-link qtranxs-available-language-link-es\" title=\"Espa\u00f1ol\">European Spanish<\/a>.<\/p>","protected":false},"excerpt":{"rendered":"<p>Sorry, this entry is only available in European Spanish.<\/p>\n","protected":false},"author":1771,"featured_media":0,"comment_status":"closed","ping_status":"open","sticky":false,"template":"","format":"standard","meta":{"ngg_post_thumbnail":0,"_links_to":"","_links_to_target":""},"categories":[2477,770,2782,2783,43,394],"tags":[],"_links":{"self":[{"href":"https:\/\/comunicacion.umh.es\/en\/wp-json\/wp\/v2\/posts\/52742"}],"collection":[{"href":"https:\/\/comunicacion.umh.es\/en\/wp-json\/wp\/v2\/posts"}],"about":[{"href":"https:\/\/comunicacion.umh.es\/en\/wp-json\/wp\/v2\/types\/post"}],"author":[{"embeddable":true,"href":"https:\/\/comunicacion.umh.es\/en\/wp-json\/wp\/v2\/users\/1771"}],"replies":[{"embeddable":true,"href":"https:\/\/comunicacion.umh.es\/en\/wp-json\/wp\/v2\/comments?post=52742"}],"version-history":[{"count":0,"href":"https:\/\/comunicacion.umh.es\/en\/wp-json\/wp\/v2\/posts\/52742\/revisions"}],"wp:attachment":[{"href":"https:\/\/comunicacion.umh.es\/en\/wp-json\/wp\/v2\/media?parent=52742"}],"wp:term":[{"taxonomy":"category","embeddable":true,"href":"https:\/\/comunicacion.umh.es\/en\/wp-json\/wp\/v2\/categories?post=52742"},{"taxonomy":"post_tag","embeddable":true,"href":"https:\/\/comunicacion.umh.es\/en\/wp-json\/wp\/v2\/tags?post=52742"}],"curies":[{"name":"wp","href":"https:\/\/api.w.org\/{rel}","templated":true}]}}