{"id":54,"date":"2007-02-26T14:24:50","date_gmt":"2007-02-26T12:24:50","guid":{"rendered":"http:\/\/comunicacion.zeus.umh.es\/2008\/07\/07\/solemne-acto-de-investidura-del-excmo-sr-d-sean-scully\/"},"modified":"2007-02-26T14:24:50","modified_gmt":"2007-02-26T12:24:50","slug":"solemne-acto-de-investidura-del-excmo-sr-d-sean-scully","status":"publish","type":"post","link":"https:\/\/comunicacion.umh.es\/en\/2007\/02\/26\/solemne-acto-de-investidura-del-excmo-sr-d-sean-scully\/","title":{"rendered":"Solemne Acto de Investidura del Excmo. Sr. D. Sean Scully como Doctor Honoris Causa el 26 de febrero de 2007"},"content":{"rendered":"<p><a href=\"https:\/\/comunicacion.umh.es\/files\/2010\/06\/ern_8886n.jpg\"><img loading=\"lazy\" class=\"alignnone size-medium wp-image-827\" title=\"ern_8886n\" src=\"https:\/\/comunicacion.umh.es\/files\/2010\/06\/ern_8886n-300x200.jpg\" alt=\"\" width=\"300\" height=\"200\" srcset=\"https:\/\/comunicacion.umh.es\/files\/2010\/06\/ern_8886n-300x200.jpg 300w, https:\/\/comunicacion.umh.es\/files\/2010\/06\/ern_8886n-1024x682.jpg 1024w\" sizes=\"(max-width: 300px) 100vw, 300px\" \/><\/a><\/p>\n<p><a href=\"https:\/\/comunicacion.umh.es\/2010\/06\/14\/galeria-de-fotos-del-solemne-acto-de-investidura-del-excmo-sr-d-sean-scully-como-doctor-honoris-causa-el-26-de-febrero-de-2007\/\" target=\"_blank\">Galer\u00eda de fotos del Acto<\/a><\/p>\n<p><a href=\"https:\/\/comunicacion.umh.es\/2007\/02\/26\/ceremonial-2\/\">Ceremonial del Acto<\/a><\/p>\n<p><a href=\"https:\/\/comunicacion.umh.es\/2007\/02\/26\/laudatio-de-la-madrina-da-pilar-escanero\/\">Laudatio de la madrina, D\u00f1a. Pilar Escanero<\/a><\/p>\n<p><a href=\"https:\/\/comunicacion.umh.es\/2007\/02\/26\/discurso-doctor-honoris-causa-d-sean-scully\/\">Discurso Doctor Honoris Causa, D. Sean Scully<\/a><\/p>\n<p><a href=\"https:\/\/comunicacion.umh.es\/2007\/02\/26\/discurso-del-rector-d-jess-rodrguez-marn\/\">Discurso del Rector, D. Jes\u00fas Rodr\u00edguez Mar\u00edn<\/a><\/p>\n","protected":false},"excerpt":{"rendered":"<p>Galer\u00eda de fotos del Acto<br \/>\nCeremonial del Acto<br \/>\nLaudatio de la madrina, D\u00f1a. Pilar Escanero<br \/>\nDiscurso Doctor Honoris Causa, D. Sean Scully<br \/>\nDiscurso del Rector, D. Jes\u00fas Rodr\u00edguez Mar\u00edn<\/p>\n","protected":false},"author":1,"featured_media":0,"comment_status":"closed","ping_status":"open","sticky":false,"template":"","format":"standard","meta":{"ngg_post_thumbnail":0,"_links_to":"","_links_to_target":""},"categories":[651],"tags":[660],"_links":{"self":[{"href":"https:\/\/comunicacion.umh.es\/en\/wp-json\/wp\/v2\/posts\/54"}],"collection":[{"href":"https:\/\/comunicacion.umh.es\/en\/wp-json\/wp\/v2\/posts"}],"about":[{"href":"https:\/\/comunicacion.umh.es\/en\/wp-json\/wp\/v2\/types\/post"}],"author":[{"embeddable":true,"href":"https:\/\/comunicacion.umh.es\/en\/wp-json\/wp\/v2\/users\/1"}],"replies":[{"embeddable":true,"href":"https:\/\/comunicacion.umh.es\/en\/wp-json\/wp\/v2\/comments?post=54"}],"version-history":[{"count":0,"href":"https:\/\/comunicacion.umh.es\/en\/wp-json\/wp\/v2\/posts\/54\/revisions"}],"wp:attachment":[{"href":"https:\/\/comunicacion.umh.es\/en\/wp-json\/wp\/v2\/media?parent=54"}],"wp:term":[{"taxonomy":"category","embeddable":true,"href":"https:\/\/comunicacion.umh.es\/en\/wp-json\/wp\/v2\/categories?post=54"},{"taxonomy":"post_tag","embeddable":true,"href":"https:\/\/comunicacion.umh.es\/en\/wp-json\/wp\/v2\/tags?post=54"}],"curies":[{"name":"wp","href":"https:\/\/api.w.org\/{rel}","templated":true}]}}