{"id":56196,"date":"2012-11-12T13:12:11","date_gmt":"2012-11-12T12:12:11","guid":{"rendered":"http:\/\/comunicacion.umh.es\/2012\/11\/12\/onda-cero-premia-a-los-profesores-de-la-umh-nicolas-garcia-aracil-y-mariano-perez-arroyo\/"},"modified":"2012-11-12T13:12:11","modified_gmt":"2012-11-12T12:12:11","slug":"onda-cero-premia-a-los-profesores-de-la-umh-nicolas-garcia-aracil-y-mariano-perez-arroyo","status":"publish","type":"post","link":"https:\/\/comunicacion.umh.es\/en\/2012\/11\/12\/onda-cero-premia-a-los-profesores-de-la-umh-nicolas-garcia-aracil-y-mariano-perez-arroyo\/","title":{"rendered":"<span lang=\"es\">(Espa\u00f1ol) Onda Cero premia a los profesores de la UMH Nicol\u00e1s Garc\u00eda Aracil y Mariano P\u00e9rez Arroyo<\/span>"},"content":{"rendered":"<p class=\"qtranxs-available-languages-message qtranxs-available-languages-message-en\">Sorry, this entry is only available in <a href=\"https:\/\/comunicacion.umh.es\/es\/wp-json\/wp\/v2\/posts\/56196\" class=\"qtranxs-available-language-link qtranxs-available-language-link-es\" title=\"Espa\u00f1ol\">European Spanish<\/a>.<\/p>","protected":false},"excerpt":{"rendered":"<p>Sorry, this entry is only available in European Spanish.<\/p>\n","protected":false},"author":2671,"featured_media":0,"comment_status":"closed","ping_status":"open","sticky":false,"template":"","format":"standard","meta":{"ngg_post_thumbnail":0,"_links_to":"","_links_to_target":""},"categories":[770,69,2782,43,2145,2792],"tags":[],"_links":{"self":[{"href":"https:\/\/comunicacion.umh.es\/en\/wp-json\/wp\/v2\/posts\/56196"}],"collection":[{"href":"https:\/\/comunicacion.umh.es\/en\/wp-json\/wp\/v2\/posts"}],"about":[{"href":"https:\/\/comunicacion.umh.es\/en\/wp-json\/wp\/v2\/types\/post"}],"author":[{"embeddable":true,"href":"https:\/\/comunicacion.umh.es\/en\/wp-json\/wp\/v2\/users\/2671"}],"replies":[{"embeddable":true,"href":"https:\/\/comunicacion.umh.es\/en\/wp-json\/wp\/v2\/comments?post=56196"}],"version-history":[{"count":0,"href":"https:\/\/comunicacion.umh.es\/en\/wp-json\/wp\/v2\/posts\/56196\/revisions"}],"wp:attachment":[{"href":"https:\/\/comunicacion.umh.es\/en\/wp-json\/wp\/v2\/media?parent=56196"}],"wp:term":[{"taxonomy":"category","embeddable":true,"href":"https:\/\/comunicacion.umh.es\/en\/wp-json\/wp\/v2\/categories?post=56196"},{"taxonomy":"post_tag","embeddable":true,"href":"https:\/\/comunicacion.umh.es\/en\/wp-json\/wp\/v2\/tags?post=56196"}],"curies":[{"name":"wp","href":"https:\/\/api.w.org\/{rel}","templated":true}]}}