{"id":56397,"date":"2012-11-16T14:52:31","date_gmt":"2012-11-16T13:52:31","guid":{"rendered":"http:\/\/comunicacion.umh.es\/?p=56397"},"modified":"2013-01-09T14:07:29","modified_gmt":"2013-01-09T13:07:29","slug":"la-organizacion-medica-colegial-reconoce-la-trayectoria-profesional-del-profesor-de-la-umh-vicente-gil","status":"publish","type":"post","link":"https:\/\/comunicacion.umh.es\/en\/2012\/11\/16\/la-organizacion-medica-colegial-reconoce-la-trayectoria-profesional-del-profesor-de-la-umh-vicente-gil\/","title":{"rendered":"<span lang=\"es\">(Espa\u00f1ol) La organizaci\u00f3n M\u00e9dica Colegial reconoce la trayectoria profesional del profesor de la UMH Vicente Gil<\/span>"},"content":{"rendered":"<p><\/p>\n<p><p><!--more--><\/p>\n<\/p>\n<p><\/p>","protected":false},"excerpt":{"rendered":"","protected":false},"author":2671,"featured_media":0,"comment_status":"closed","ping_status":"open","sticky":false,"template":"","format":"standard","meta":{"ngg_post_thumbnail":0,"_links_to":"","_links_to_target":""},"categories":[770,2782,43,2145,2792,2918],"tags":[],"_links":{"self":[{"href":"https:\/\/comunicacion.umh.es\/en\/wp-json\/wp\/v2\/posts\/56397"}],"collection":[{"href":"https:\/\/comunicacion.umh.es\/en\/wp-json\/wp\/v2\/posts"}],"about":[{"href":"https:\/\/comunicacion.umh.es\/en\/wp-json\/wp\/v2\/types\/post"}],"author":[{"embeddable":true,"href":"https:\/\/comunicacion.umh.es\/en\/wp-json\/wp\/v2\/users\/2671"}],"replies":[{"embeddable":true,"href":"https:\/\/comunicacion.umh.es\/en\/wp-json\/wp\/v2\/comments?post=56397"}],"version-history":[{"count":0,"href":"https:\/\/comunicacion.umh.es\/en\/wp-json\/wp\/v2\/posts\/56397\/revisions"}],"wp:attachment":[{"href":"https:\/\/comunicacion.umh.es\/en\/wp-json\/wp\/v2\/media?parent=56397"}],"wp:term":[{"taxonomy":"category","embeddable":true,"href":"https:\/\/comunicacion.umh.es\/en\/wp-json\/wp\/v2\/categories?post=56397"},{"taxonomy":"post_tag","embeddable":true,"href":"https:\/\/comunicacion.umh.es\/en\/wp-json\/wp\/v2\/tags?post=56397"}],"curies":[{"name":"wp","href":"https:\/\/api.w.org\/{rel}","templated":true}]}}