{"id":56655,"date":"2012-11-23T12:07:06","date_gmt":"2012-11-23T11:07:06","guid":{"rendered":"http:\/\/comunicacion.umh.es\/2012\/11\/23\/el-consultor-emilio-duro-impartira-una-conferencia-dentro-del-acto-de-reconocimiento-a-las-empresas-colaboradoras-de-la-umh\/"},"modified":"2012-11-23T14:21:25","modified_gmt":"2012-11-23T13:21:25","slug":"el-consultor-emilio-duro-impartira-una-conferencia-dentro-del-acto-de-reconocimiento-a-las-empresas-colaboradoras-de-la-umh","status":"publish","type":"post","link":"https:\/\/comunicacion.umh.es\/en\/2012\/11\/23\/el-consultor-emilio-duro-impartira-una-conferencia-dentro-del-acto-de-reconocimiento-a-las-empresas-colaboradoras-de-la-umh\/","title":{"rendered":"<span lang=\"es\">(Espa\u00f1ol) El consultor Emilio Dur\u00f3 impartir\u00e1 una conferencia dentro del acto de reconocimiento a las empresas colaboradoras de la UMH<\/span>"},"content":{"rendered":"<p><\/p>\n<p><p><!--more--><\/p>\n<\/p>\n<p><\/p>","protected":false},"excerpt":{"rendered":"","protected":false},"author":2693,"featured_media":0,"comment_status":"closed","ping_status":"open","sticky":false,"template":"","format":"standard","meta":{"ngg_post_thumbnail":0,"_links_to":"","_links_to_target":""},"categories":[770,69,2782,2790,43],"tags":[],"_links":{"self":[{"href":"https:\/\/comunicacion.umh.es\/en\/wp-json\/wp\/v2\/posts\/56655"}],"collection":[{"href":"https:\/\/comunicacion.umh.es\/en\/wp-json\/wp\/v2\/posts"}],"about":[{"href":"https:\/\/comunicacion.umh.es\/en\/wp-json\/wp\/v2\/types\/post"}],"author":[{"embeddable":true,"href":"https:\/\/comunicacion.umh.es\/en\/wp-json\/wp\/v2\/users\/2693"}],"replies":[{"embeddable":true,"href":"https:\/\/comunicacion.umh.es\/en\/wp-json\/wp\/v2\/comments?post=56655"}],"version-history":[{"count":0,"href":"https:\/\/comunicacion.umh.es\/en\/wp-json\/wp\/v2\/posts\/56655\/revisions"}],"wp:attachment":[{"href":"https:\/\/comunicacion.umh.es\/en\/wp-json\/wp\/v2\/media?parent=56655"}],"wp:term":[{"taxonomy":"category","embeddable":true,"href":"https:\/\/comunicacion.umh.es\/en\/wp-json\/wp\/v2\/categories?post=56655"},{"taxonomy":"post_tag","embeddable":true,"href":"https:\/\/comunicacion.umh.es\/en\/wp-json\/wp\/v2\/tags?post=56655"}],"curies":[{"name":"wp","href":"https:\/\/api.w.org\/{rel}","templated":true}]}}