{"id":56772,"date":"2012-11-27T11:08:22","date_gmt":"2012-11-27T10:08:22","guid":{"rendered":"http:\/\/comunicacion.umh.es\/?p=56772"},"modified":"2012-11-27T11:08:22","modified_gmt":"2012-11-27T10:08:22","slug":"la-umh-dedica-una-sesion-a-las-titulaciones-de-ade-y-ciencias-politicas-dentro-de-las-xvi-jornadas-de-empleo","status":"publish","type":"post","link":"https:\/\/comunicacion.umh.es\/en\/2012\/11\/27\/la-umh-dedica-una-sesion-a-las-titulaciones-de-ade-y-ciencias-politicas-dentro-de-las-xvi-jornadas-de-empleo\/","title":{"rendered":"<span lang=\"es\">(Espa\u00f1ol) La UMH dedica una sesi\u00f3n a las titulaciones de ADE y Ciencias Pol\u00edticas dentro de las XVI Jornadas de Empleo<\/span>"},"content":{"rendered":"<p class=\"qtranxs-available-languages-message qtranxs-available-languages-message-en\">Sorry, this entry is only available in <a href=\"https:\/\/comunicacion.umh.es\/es\/wp-json\/wp\/v2\/posts\/56772\" class=\"qtranxs-available-language-link qtranxs-available-language-link-es\" title=\"Espa\u00f1ol\">European Spanish<\/a>.<\/p>","protected":false},"excerpt":{"rendered":"<p>Sorry, this entry is only available in European Spanish.<\/p>\n","protected":false},"author":2671,"featured_media":0,"comment_status":"closed","ping_status":"open","sticky":false,"template":"","format":"standard","meta":{"ngg_post_thumbnail":0,"_links_to":"","_links_to_target":""},"categories":[770,2782,2790,43,394],"tags":[],"_links":{"self":[{"href":"https:\/\/comunicacion.umh.es\/en\/wp-json\/wp\/v2\/posts\/56772"}],"collection":[{"href":"https:\/\/comunicacion.umh.es\/en\/wp-json\/wp\/v2\/posts"}],"about":[{"href":"https:\/\/comunicacion.umh.es\/en\/wp-json\/wp\/v2\/types\/post"}],"author":[{"embeddable":true,"href":"https:\/\/comunicacion.umh.es\/en\/wp-json\/wp\/v2\/users\/2671"}],"replies":[{"embeddable":true,"href":"https:\/\/comunicacion.umh.es\/en\/wp-json\/wp\/v2\/comments?post=56772"}],"version-history":[{"count":0,"href":"https:\/\/comunicacion.umh.es\/en\/wp-json\/wp\/v2\/posts\/56772\/revisions"}],"wp:attachment":[{"href":"https:\/\/comunicacion.umh.es\/en\/wp-json\/wp\/v2\/media?parent=56772"}],"wp:term":[{"taxonomy":"category","embeddable":true,"href":"https:\/\/comunicacion.umh.es\/en\/wp-json\/wp\/v2\/categories?post=56772"},{"taxonomy":"post_tag","embeddable":true,"href":"https:\/\/comunicacion.umh.es\/en\/wp-json\/wp\/v2\/tags?post=56772"}],"curies":[{"name":"wp","href":"https:\/\/api.w.org\/{rel}","templated":true}]}}