{"id":56823,"date":"2012-11-28T13:29:47","date_gmt":"2012-11-28T12:29:47","guid":{"rendered":"http:\/\/comunicacion.umh.es\/2012\/11\/28\/el-catedratico-de-la-umh-raul-moral-imparte-una-charla-en-la-presentacion-de-la-asociacion-valenciana-de-profesionales-del-medio-ambiente\/"},"modified":"2012-11-28T13:29:47","modified_gmt":"2012-11-28T12:29:47","slug":"el-catedratico-de-la-umh-raul-moral-imparte-una-charla-en-la-presentacion-de-la-asociacion-valenciana-de-profesionales-del-medio-ambiente","status":"publish","type":"post","link":"https:\/\/comunicacion.umh.es\/en\/2012\/11\/28\/el-catedratico-de-la-umh-raul-moral-imparte-una-charla-en-la-presentacion-de-la-asociacion-valenciana-de-profesionales-del-medio-ambiente\/","title":{"rendered":"<span lang=\"es\">(Espa\u00f1ol) El catedr\u00e1tico de la UMH Ra\u00fal Moral imparte una charla en la presentaci\u00f3n de la asociaci\u00f3n valenciana de profesionales del medio ambiente<\/span>"},"content":{"rendered":"<p class=\"qtranxs-available-languages-message qtranxs-available-languages-message-en\">Sorry, this entry is only available in <a href=\"https:\/\/comunicacion.umh.es\/es\/wp-json\/wp\/v2\/posts\/56823\" class=\"qtranxs-available-language-link qtranxs-available-language-link-es\" title=\"Espa\u00f1ol\">European Spanish<\/a>.<\/p>","protected":false},"excerpt":{"rendered":"<p>Sorry, this entry is only available in European Spanish.<\/p>\n","protected":false},"author":2677,"featured_media":0,"comment_status":"closed","ping_status":"open","sticky":false,"template":"","format":"standard","meta":{"ngg_post_thumbnail":0,"_links_to":"","_links_to_target":""},"categories":[770,2782,2790,43,394],"tags":[],"_links":{"self":[{"href":"https:\/\/comunicacion.umh.es\/en\/wp-json\/wp\/v2\/posts\/56823"}],"collection":[{"href":"https:\/\/comunicacion.umh.es\/en\/wp-json\/wp\/v2\/posts"}],"about":[{"href":"https:\/\/comunicacion.umh.es\/en\/wp-json\/wp\/v2\/types\/post"}],"author":[{"embeddable":true,"href":"https:\/\/comunicacion.umh.es\/en\/wp-json\/wp\/v2\/users\/2677"}],"replies":[{"embeddable":true,"href":"https:\/\/comunicacion.umh.es\/en\/wp-json\/wp\/v2\/comments?post=56823"}],"version-history":[{"count":0,"href":"https:\/\/comunicacion.umh.es\/en\/wp-json\/wp\/v2\/posts\/56823\/revisions"}],"wp:attachment":[{"href":"https:\/\/comunicacion.umh.es\/en\/wp-json\/wp\/v2\/media?parent=56823"}],"wp:term":[{"taxonomy":"category","embeddable":true,"href":"https:\/\/comunicacion.umh.es\/en\/wp-json\/wp\/v2\/categories?post=56823"},{"taxonomy":"post_tag","embeddable":true,"href":"https:\/\/comunicacion.umh.es\/en\/wp-json\/wp\/v2\/tags?post=56823"}],"curies":[{"name":"wp","href":"https:\/\/api.w.org\/{rel}","templated":true}]}}