{"id":59940,"date":"2013-03-21T13:10:51","date_gmt":"2013-03-21T12:10:51","guid":{"rendered":"http:\/\/comunicacion.umh.es\/2013\/03\/21\/investigadores-de-la-umh-asisten-a-la-recepcion-del-principe-de-asturias-a-los-miembros-del-equipo-gem-espana\/"},"modified":"2013-03-21T13:10:51","modified_gmt":"2013-03-21T12:10:51","slug":"investigadores-de-la-umh-asisten-a-la-recepcion-del-principe-de-asturias-a-los-miembros-del-equipo-gem-espana","status":"publish","type":"post","link":"https:\/\/comunicacion.umh.es\/en\/2013\/03\/21\/investigadores-de-la-umh-asisten-a-la-recepcion-del-principe-de-asturias-a-los-miembros-del-equipo-gem-espana\/","title":{"rendered":"<span lang=\"es\">(Espa\u00f1ol) Investigadores de la UMH asisten a la recepci\u00f3n del Pr\u00edncipe de Asturias a los miembros del Equipo GEM Espa\u00f1a<\/span>"},"content":{"rendered":"<p class=\"qtranxs-available-languages-message qtranxs-available-languages-message-en\">Sorry, this entry is only available in <a href=\"https:\/\/comunicacion.umh.es\/es\/wp-json\/wp\/v2\/posts\/59940\" class=\"qtranxs-available-language-link qtranxs-available-language-link-es\" title=\"Espa\u00f1ol\">European Spanish<\/a>.<\/p>","protected":false},"excerpt":{"rendered":"<p>Sorry, this entry is only available in European Spanish.<\/p>\n","protected":false},"author":2677,"featured_media":0,"comment_status":"closed","ping_status":"open","sticky":false,"template":"","format":"standard","meta":{"ngg_post_thumbnail":0,"_links_to":"","_links_to_target":""},"categories":[2477,770,69,2782,2783,43,2778],"tags":[],"_links":{"self":[{"href":"https:\/\/comunicacion.umh.es\/en\/wp-json\/wp\/v2\/posts\/59940"}],"collection":[{"href":"https:\/\/comunicacion.umh.es\/en\/wp-json\/wp\/v2\/posts"}],"about":[{"href":"https:\/\/comunicacion.umh.es\/en\/wp-json\/wp\/v2\/types\/post"}],"author":[{"embeddable":true,"href":"https:\/\/comunicacion.umh.es\/en\/wp-json\/wp\/v2\/users\/2677"}],"replies":[{"embeddable":true,"href":"https:\/\/comunicacion.umh.es\/en\/wp-json\/wp\/v2\/comments?post=59940"}],"version-history":[{"count":0,"href":"https:\/\/comunicacion.umh.es\/en\/wp-json\/wp\/v2\/posts\/59940\/revisions"}],"wp:attachment":[{"href":"https:\/\/comunicacion.umh.es\/en\/wp-json\/wp\/v2\/media?parent=59940"}],"wp:term":[{"taxonomy":"category","embeddable":true,"href":"https:\/\/comunicacion.umh.es\/en\/wp-json\/wp\/v2\/categories?post=59940"},{"taxonomy":"post_tag","embeddable":true,"href":"https:\/\/comunicacion.umh.es\/en\/wp-json\/wp\/v2\/tags?post=59940"}],"curies":[{"name":"wp","href":"https:\/\/api.w.org\/{rel}","templated":true}]}}