{"id":60188,"date":"2013-03-27T12:25:32","date_gmt":"2013-03-27T11:25:32","guid":{"rendered":"http:\/\/comunicacion.umh.es\/?p=60188"},"modified":"2013-03-27T13:01:03","modified_gmt":"2013-03-27T12:01:03","slug":"campushabitat5u-premiara-los-mejores-trabajos-relacionados-con-el-habitat-y-el-territorio-desarrollados-por-estudiantes-de-ciclos-formativos-de-grado-superior","status":"publish","type":"post","link":"https:\/\/comunicacion.umh.es\/en\/2013\/03\/27\/campushabitat5u-premiara-los-mejores-trabajos-relacionados-con-el-habitat-y-el-territorio-desarrollados-por-estudiantes-de-ciclos-formativos-de-grado-superior\/","title":{"rendered":"<span lang=\"es\">(Espa\u00f1ol) CAMPUSHABITAT5U premiar\u00e1 los mejores trabajos relacionados con el H\u00e1bitat y el Territorio desarrollados por estudiantes de Ciclos Formativos de Grado Superior<\/span>"},"content":{"rendered":"<p><\/p>\n<p><!--more--><\/p>\n<p><\/p>","protected":false},"excerpt":{"rendered":"","protected":false},"author":2671,"featured_media":0,"comment_status":"closed","ping_status":"open","sticky":false,"template":"","format":"standard","meta":{"ngg_post_thumbnail":0,"_links_to":"","_links_to_target":""},"categories":[770,69,2782,2783,43,2780,2785],"tags":[],"_links":{"self":[{"href":"https:\/\/comunicacion.umh.es\/en\/wp-json\/wp\/v2\/posts\/60188"}],"collection":[{"href":"https:\/\/comunicacion.umh.es\/en\/wp-json\/wp\/v2\/posts"}],"about":[{"href":"https:\/\/comunicacion.umh.es\/en\/wp-json\/wp\/v2\/types\/post"}],"author":[{"embeddable":true,"href":"https:\/\/comunicacion.umh.es\/en\/wp-json\/wp\/v2\/users\/2671"}],"replies":[{"embeddable":true,"href":"https:\/\/comunicacion.umh.es\/en\/wp-json\/wp\/v2\/comments?post=60188"}],"version-history":[{"count":0,"href":"https:\/\/comunicacion.umh.es\/en\/wp-json\/wp\/v2\/posts\/60188\/revisions"}],"wp:attachment":[{"href":"https:\/\/comunicacion.umh.es\/en\/wp-json\/wp\/v2\/media?parent=60188"}],"wp:term":[{"taxonomy":"category","embeddable":true,"href":"https:\/\/comunicacion.umh.es\/en\/wp-json\/wp\/v2\/categories?post=60188"},{"taxonomy":"post_tag","embeddable":true,"href":"https:\/\/comunicacion.umh.es\/en\/wp-json\/wp\/v2\/tags?post=60188"}],"curies":[{"name":"wp","href":"https:\/\/api.w.org\/{rel}","templated":true}]}}