{"id":60840,"date":"2013-04-23T13:46:18","date_gmt":"2013-04-23T11:46:18","guid":{"rendered":"http:\/\/comunicacion.umh.es\/?p=60840"},"modified":"2013-04-23T13:46:18","modified_gmt":"2013-04-23T11:46:18","slug":"el-rector-de-la-umh-se-reune-con-el-presidente-del-comite-provincial-de-cruz-roja","status":"publish","type":"post","link":"https:\/\/comunicacion.umh.es\/en\/2013\/04\/23\/el-rector-de-la-umh-se-reune-con-el-presidente-del-comite-provincial-de-cruz-roja\/","title":{"rendered":"<span lang=\"es\">(Espa\u00f1ol) El rector de la UMH se re\u00fane con el presidente del Comit\u00e9 Provincial de Cruz Roja<\/span>"},"content":{"rendered":"<p class=\"qtranxs-available-languages-message qtranxs-available-languages-message-en\">Sorry, this entry is only available in <a href=\"https:\/\/comunicacion.umh.es\/es\/wp-json\/wp\/v2\/posts\/60840\" class=\"qtranxs-available-language-link qtranxs-available-language-link-es\" title=\"Espa\u00f1ol\">European Spanish<\/a>.<\/p>","protected":false},"excerpt":{"rendered":"<p>Sorry, this entry is only available in European Spanish.<\/p>\n","protected":false},"author":2791,"featured_media":0,"comment_status":"closed","ping_status":"open","sticky":false,"template":"","format":"standard","meta":{"ngg_post_thumbnail":0,"_links_to":"","_links_to_target":""},"categories":[770,69,2782,2783,43,2778],"tags":[],"_links":{"self":[{"href":"https:\/\/comunicacion.umh.es\/en\/wp-json\/wp\/v2\/posts\/60840"}],"collection":[{"href":"https:\/\/comunicacion.umh.es\/en\/wp-json\/wp\/v2\/posts"}],"about":[{"href":"https:\/\/comunicacion.umh.es\/en\/wp-json\/wp\/v2\/types\/post"}],"author":[{"embeddable":true,"href":"https:\/\/comunicacion.umh.es\/en\/wp-json\/wp\/v2\/users\/2791"}],"replies":[{"embeddable":true,"href":"https:\/\/comunicacion.umh.es\/en\/wp-json\/wp\/v2\/comments?post=60840"}],"version-history":[{"count":0,"href":"https:\/\/comunicacion.umh.es\/en\/wp-json\/wp\/v2\/posts\/60840\/revisions"}],"wp:attachment":[{"href":"https:\/\/comunicacion.umh.es\/en\/wp-json\/wp\/v2\/media?parent=60840"}],"wp:term":[{"taxonomy":"category","embeddable":true,"href":"https:\/\/comunicacion.umh.es\/en\/wp-json\/wp\/v2\/categories?post=60840"},{"taxonomy":"post_tag","embeddable":true,"href":"https:\/\/comunicacion.umh.es\/en\/wp-json\/wp\/v2\/tags?post=60840"}],"curies":[{"name":"wp","href":"https:\/\/api.w.org\/{rel}","templated":true}]}}