{"id":61145,"date":"2013-05-02T12:51:41","date_gmt":"2013-05-02T10:51:41","guid":{"rendered":"http:\/\/comunicacion.umh.es\/2013\/05\/02\/la-umh-acoge-un-seminario-sobre-los-materiales-porosos-y-su-aplicacion-en-biosensado-y-biotecnologia\/"},"modified":"2013-05-02T14:04:26","modified_gmt":"2013-05-02T12:04:26","slug":"la-umh-acoge-un-seminario-sobre-los-materiales-porosos-y-su-aplicacion-en-biosensado-y-biotecnologia","status":"publish","type":"post","link":"https:\/\/comunicacion.umh.es\/en\/2013\/05\/02\/la-umh-acoge-un-seminario-sobre-los-materiales-porosos-y-su-aplicacion-en-biosensado-y-biotecnologia\/","title":{"rendered":"<span lang=\"es\">(Espa\u00f1ol) La UMH acoge un seminario sobre los materiales porosos y su aplicaci\u00f3n en biosensado y biotecnolog\u00eda<\/span>"},"content":{"rendered":"<p><\/p>\n<p><!--more--><\/p>\n<p><\/p>","protected":false},"excerpt":{"rendered":"","protected":false},"author":2693,"featured_media":0,"comment_status":"closed","ping_status":"open","sticky":false,"template":"","format":"standard","meta":{"ngg_post_thumbnail":0,"_links_to":"","_links_to_target":""},"categories":[770,69,2782,191,43,2787],"tags":[],"_links":{"self":[{"href":"https:\/\/comunicacion.umh.es\/en\/wp-json\/wp\/v2\/posts\/61145"}],"collection":[{"href":"https:\/\/comunicacion.umh.es\/en\/wp-json\/wp\/v2\/posts"}],"about":[{"href":"https:\/\/comunicacion.umh.es\/en\/wp-json\/wp\/v2\/types\/post"}],"author":[{"embeddable":true,"href":"https:\/\/comunicacion.umh.es\/en\/wp-json\/wp\/v2\/users\/2693"}],"replies":[{"embeddable":true,"href":"https:\/\/comunicacion.umh.es\/en\/wp-json\/wp\/v2\/comments?post=61145"}],"version-history":[{"count":0,"href":"https:\/\/comunicacion.umh.es\/en\/wp-json\/wp\/v2\/posts\/61145\/revisions"}],"wp:attachment":[{"href":"https:\/\/comunicacion.umh.es\/en\/wp-json\/wp\/v2\/media?parent=61145"}],"wp:term":[{"taxonomy":"category","embeddable":true,"href":"https:\/\/comunicacion.umh.es\/en\/wp-json\/wp\/v2\/categories?post=61145"},{"taxonomy":"post_tag","embeddable":true,"href":"https:\/\/comunicacion.umh.es\/en\/wp-json\/wp\/v2\/tags?post=61145"}],"curies":[{"name":"wp","href":"https:\/\/api.w.org\/{rel}","templated":true}]}}