{"id":61211,"date":"2013-05-03T12:26:03","date_gmt":"2013-05-03T10:26:03","guid":{"rendered":"http:\/\/comunicacion.umh.es\/2013\/05\/03\/la-fundacion-farvo-de-eeuu-distingue-al-profesor-de-la-umh-carlos-belmonte-por-su-contribucion-a-la-investigacion-de-la-vision\/"},"modified":"2013-05-03T12:26:03","modified_gmt":"2013-05-03T10:26:03","slug":"la-fundacion-farvo-de-eeuu-distingue-al-profesor-de-la-umh-carlos-belmonte-por-su-contribucion-a-la-investigacion-de-la-vision","status":"publish","type":"post","link":"https:\/\/comunicacion.umh.es\/en\/2013\/05\/03\/la-fundacion-farvo-de-eeuu-distingue-al-profesor-de-la-umh-carlos-belmonte-por-su-contribucion-a-la-investigacion-de-la-vision\/","title":{"rendered":"<span lang=\"es\">(Espa\u00f1ol) La Fundaci\u00f3n FARVO de EEUU distingue al profesor de la UMH Carlos Belmonte por su contribuci\u00f3n a la investigaci\u00f3n  de la visi\u00f3n<\/span>"},"content":{"rendered":"<p class=\"qtranxs-available-languages-message qtranxs-available-languages-message-en\">Sorry, this entry is only available in <a href=\"https:\/\/comunicacion.umh.es\/es\/wp-json\/wp\/v2\/posts\/61211\" class=\"qtranxs-available-language-link qtranxs-available-language-link-es\" title=\"Espa\u00f1ol\">European Spanish<\/a>.<\/p>","protected":false},"excerpt":{"rendered":"<p>Sorry, this entry is only available in European Spanish.<\/p>\n","protected":false},"author":2677,"featured_media":0,"comment_status":"closed","ping_status":"open","sticky":false,"template":"","format":"standard","meta":{"ngg_post_thumbnail":0,"_links_to":"","_links_to_target":""},"categories":[770,69,2782,43,2145,2792],"tags":[],"_links":{"self":[{"href":"https:\/\/comunicacion.umh.es\/en\/wp-json\/wp\/v2\/posts\/61211"}],"collection":[{"href":"https:\/\/comunicacion.umh.es\/en\/wp-json\/wp\/v2\/posts"}],"about":[{"href":"https:\/\/comunicacion.umh.es\/en\/wp-json\/wp\/v2\/types\/post"}],"author":[{"embeddable":true,"href":"https:\/\/comunicacion.umh.es\/en\/wp-json\/wp\/v2\/users\/2677"}],"replies":[{"embeddable":true,"href":"https:\/\/comunicacion.umh.es\/en\/wp-json\/wp\/v2\/comments?post=61211"}],"version-history":[{"count":0,"href":"https:\/\/comunicacion.umh.es\/en\/wp-json\/wp\/v2\/posts\/61211\/revisions"}],"wp:attachment":[{"href":"https:\/\/comunicacion.umh.es\/en\/wp-json\/wp\/v2\/media?parent=61211"}],"wp:term":[{"taxonomy":"category","embeddable":true,"href":"https:\/\/comunicacion.umh.es\/en\/wp-json\/wp\/v2\/categories?post=61211"},{"taxonomy":"post_tag","embeddable":true,"href":"https:\/\/comunicacion.umh.es\/en\/wp-json\/wp\/v2\/tags?post=61211"}],"curies":[{"name":"wp","href":"https:\/\/api.w.org\/{rel}","templated":true}]}}