{"id":61442,"date":"2013-05-08T11:13:25","date_gmt":"2013-05-08T09:13:25","guid":{"rendered":"http:\/\/comunicacion.umh.es\/2013\/05\/08\/la-umh-debatira-sobre-la-crisis-de-la-monarquia-dentro-del-%e2%80%9cseminario-permanente-de-actualidad-politica-y-empresarial%e2%80%9d\/"},"modified":"2013-05-08T11:19:39","modified_gmt":"2013-05-08T09:19:39","slug":"la-umh-debatira-sobre-la-crisis-de-la-monarquia-dentro-del-%e2%80%9cseminario-permanente-de-actualidad-politica-y-empresarial%e2%80%9d","status":"publish","type":"post","link":"https:\/\/comunicacion.umh.es\/en\/2013\/05\/08\/la-umh-debatira-sobre-la-crisis-de-la-monarquia-dentro-del-%e2%80%9cseminario-permanente-de-actualidad-politica-y-empresarial%e2%80%9d\/","title":{"rendered":"<span lang=\"es\">(Espa\u00f1ol) La UMH debatir\u00e1 sobre la crisis de la monarqu\u00eda dentro del \u201cSeminario permanente de actualidad pol\u00edtica y empresarial\u201d<\/span>"},"content":{"rendered":"<p><\/p>\n<p><!--more--><\/p>\n<p><\/p>","protected":false},"excerpt":{"rendered":"","protected":false},"author":2677,"featured_media":0,"comment_status":"closed","ping_status":"open","sticky":false,"template":"","format":"standard","meta":{"ngg_post_thumbnail":0,"_links_to":"","_links_to_target":""},"categories":[770,2782,2790,43,2780,394],"tags":[],"_links":{"self":[{"href":"https:\/\/comunicacion.umh.es\/en\/wp-json\/wp\/v2\/posts\/61442"}],"collection":[{"href":"https:\/\/comunicacion.umh.es\/en\/wp-json\/wp\/v2\/posts"}],"about":[{"href":"https:\/\/comunicacion.umh.es\/en\/wp-json\/wp\/v2\/types\/post"}],"author":[{"embeddable":true,"href":"https:\/\/comunicacion.umh.es\/en\/wp-json\/wp\/v2\/users\/2677"}],"replies":[{"embeddable":true,"href":"https:\/\/comunicacion.umh.es\/en\/wp-json\/wp\/v2\/comments?post=61442"}],"version-history":[{"count":0,"href":"https:\/\/comunicacion.umh.es\/en\/wp-json\/wp\/v2\/posts\/61442\/revisions"}],"wp:attachment":[{"href":"https:\/\/comunicacion.umh.es\/en\/wp-json\/wp\/v2\/media?parent=61442"}],"wp:term":[{"taxonomy":"category","embeddable":true,"href":"https:\/\/comunicacion.umh.es\/en\/wp-json\/wp\/v2\/categories?post=61442"},{"taxonomy":"post_tag","embeddable":true,"href":"https:\/\/comunicacion.umh.es\/en\/wp-json\/wp\/v2\/tags?post=61442"}],"curies":[{"name":"wp","href":"https:\/\/api.w.org\/{rel}","templated":true}]}}