{"id":62025,"date":"2013-05-23T14:40:19","date_gmt":"2013-05-23T12:40:19","guid":{"rendered":"http:\/\/comunicacion.umh.es\/2013\/05\/23\/la-umh-y-la-asociacion-terciario-avanzado-comunidad-valenciana-presentan-la-nueva-catedra-de-crecimiento-empresarial-2\/"},"modified":"2013-05-30T10:45:59","modified_gmt":"2013-05-30T08:45:59","slug":"la-umh-y-la-asociacion-terciario-avanzado-comunidad-valenciana-presentan-la-nueva-catedra-de-crecimiento-empresarial-2","status":"publish","type":"post","link":"https:\/\/comunicacion.umh.es\/en\/2013\/05\/23\/la-umh-y-la-asociacion-terciario-avanzado-comunidad-valenciana-presentan-la-nueva-catedra-de-crecimiento-empresarial-2\/","title":{"rendered":"New Chair of Crecimiento Empresarial"},"content":{"rendered":"<p><\/p>\n<p style=\"text-align: justify\">Miguel Hern\u00e1ndez University (UMH) in Elche and Terciario Avanzado Comunidad Valenciana Association (Advanced Tertiary of the Community of Valencia) presented the Chair of \u00a0Crecimiento Empresarial (Business Growth). The rector of the UMH, Jes\u00fas Pastor Ciurana, and the president of the Terciario Avanzado de la Comunidad Valenciana Association, Jos\u00e9 Javier Garc\u00eda Zamora, have signed a collaboration agreement for the start-up of this Chair.<\/p>\n<p><!--more--><\/p>\n<p style=\"text-align: justify\">The director of the Chair will be the professor of the Department of Agro-Environmental Economics, Cartography and Graphic Expression of the Engineering UMH Fernando Vidal Gim\u00e9nez. The president of the Association of the Terciario Avanzado is the co-director.<\/p>\n<p style=\"text-align: justify\">The objectives of this new Chair are training, research, development and divulgation in the field of entrepreneurship and enterprise development, through activities, seminars or conferences. Specifically, the Chair aims to help entrepreneurs of the &#8220;Nau de la Innovaci\u00f3&#8221; and members of the &#8220;Marat\u00f3 d&#8217;Empreses UMH&#8221; to become aware of the needs of their projects. Also, the Chair will carry out the tutoring for a year or two projects so they can become businesses.<\/p>\n<p><strong> <\/strong><\/p>\n<\/p>\n<p><\/p>","protected":false},"excerpt":{"rendered":"<p>Miguel Hern\u00e1ndez University (UMH) in Elche and Terciario Avanzado Comunidad Valenciana Association (Advanced Tertiary of the Community of Valencia) presented the Chair of \u00a0Crecimiento Empresarial (Business Growth). The rector of the UMH, Jes\u00fas Pastor Ciurana, and the president of the Terciario Avanzado de la Comunidad Valenciana Association, Jos\u00e9 Javier Garc\u00eda Zamora, have signed a collaboration [&#8230;]<\/p>\n","protected":false},"author":2677,"featured_media":0,"comment_status":"closed","ping_status":"open","sticky":false,"template":"","format":"standard","meta":{"ngg_post_thumbnail":0,"_links_to":"","_links_to_target":""},"categories":[770,570,69,2782,2783,43,2779,2778,2781,2777],"tags":[],"_links":{"self":[{"href":"https:\/\/comunicacion.umh.es\/en\/wp-json\/wp\/v2\/posts\/62025"}],"collection":[{"href":"https:\/\/comunicacion.umh.es\/en\/wp-json\/wp\/v2\/posts"}],"about":[{"href":"https:\/\/comunicacion.umh.es\/en\/wp-json\/wp\/v2\/types\/post"}],"author":[{"embeddable":true,"href":"https:\/\/comunicacion.umh.es\/en\/wp-json\/wp\/v2\/users\/2677"}],"replies":[{"embeddable":true,"href":"https:\/\/comunicacion.umh.es\/en\/wp-json\/wp\/v2\/comments?post=62025"}],"version-history":[{"count":0,"href":"https:\/\/comunicacion.umh.es\/en\/wp-json\/wp\/v2\/posts\/62025\/revisions"}],"wp:attachment":[{"href":"https:\/\/comunicacion.umh.es\/en\/wp-json\/wp\/v2\/media?parent=62025"}],"wp:term":[{"taxonomy":"category","embeddable":true,"href":"https:\/\/comunicacion.umh.es\/en\/wp-json\/wp\/v2\/categories?post=62025"},{"taxonomy":"post_tag","embeddable":true,"href":"https:\/\/comunicacion.umh.es\/en\/wp-json\/wp\/v2\/tags?post=62025"}],"curies":[{"name":"wp","href":"https:\/\/api.w.org\/{rel}","templated":true}]}}