{"id":70712,"date":"2014-02-11T11:29:30","date_gmt":"2014-02-11T10:29:30","guid":{"rendered":"http:\/\/comunicacion.umh.es\/?p=70712"},"modified":"2014-02-11T13:50:49","modified_gmt":"2014-02-11T12:50:49","slug":"dos-galas-beneficas-en-elda-y-alicante-dedican-los-beneficios-a-la-investigacion-sobre-el-sindrome-5p-de-la-umh","status":"publish","type":"post","link":"https:\/\/comunicacion.umh.es\/en\/2014\/02\/11\/dos-galas-beneficas-en-elda-y-alicante-dedican-los-beneficios-a-la-investigacion-sobre-el-sindrome-5p-de-la-umh\/","title":{"rendered":"<span lang=\"es\">(Espa\u00f1ol) Dos galas ben\u00e9ficas en Elda y Alicante dedican los beneficios a la investigaci\u00f3n sobre el S\u00edndrome 5p- de la UMH<\/span>"},"content":{"rendered":"<p class=\"qtranxs-available-languages-message qtranxs-available-languages-message-en\">Sorry, this entry is only available in <a href=\"https:\/\/comunicacion.umh.es\/es\/wp-json\/wp\/v2\/posts\/70712\" class=\"qtranxs-available-language-link qtranxs-available-language-link-es\" title=\"Espa\u00f1ol\">European Spanish<\/a>.<\/p>","protected":false},"excerpt":{"rendered":"<p>Sorry, this entry is only available in European Spanish.<\/p>\n","protected":false},"author":2791,"featured_media":0,"comment_status":"closed","ping_status":"open","sticky":false,"template":"","format":"standard","meta":{"ngg_post_thumbnail":0,"_links_to":"","_links_to_target":""},"categories":[770,69,2782,43,2796],"tags":[],"_links":{"self":[{"href":"https:\/\/comunicacion.umh.es\/en\/wp-json\/wp\/v2\/posts\/70712"}],"collection":[{"href":"https:\/\/comunicacion.umh.es\/en\/wp-json\/wp\/v2\/posts"}],"about":[{"href":"https:\/\/comunicacion.umh.es\/en\/wp-json\/wp\/v2\/types\/post"}],"author":[{"embeddable":true,"href":"https:\/\/comunicacion.umh.es\/en\/wp-json\/wp\/v2\/users\/2791"}],"replies":[{"embeddable":true,"href":"https:\/\/comunicacion.umh.es\/en\/wp-json\/wp\/v2\/comments?post=70712"}],"version-history":[{"count":0,"href":"https:\/\/comunicacion.umh.es\/en\/wp-json\/wp\/v2\/posts\/70712\/revisions"}],"wp:attachment":[{"href":"https:\/\/comunicacion.umh.es\/en\/wp-json\/wp\/v2\/media?parent=70712"}],"wp:term":[{"taxonomy":"category","embeddable":true,"href":"https:\/\/comunicacion.umh.es\/en\/wp-json\/wp\/v2\/categories?post=70712"},{"taxonomy":"post_tag","embeddable":true,"href":"https:\/\/comunicacion.umh.es\/en\/wp-json\/wp\/v2\/tags?post=70712"}],"curies":[{"name":"wp","href":"https:\/\/api.w.org\/{rel}","templated":true}]}}