{"id":72220,"date":"2014-03-18T10:38:01","date_gmt":"2014-03-18T09:38:01","guid":{"rendered":"http:\/\/comunicacion.umh.es\/?p=72220"},"modified":"2014-03-18T12:49:23","modified_gmt":"2014-03-18T11:49:23","slug":"una-alumna-del-i-e-s-las-lagunas-de-torrevieja-gana-la-fase-local-de-la-olimpiada-espanola-de-fisica-de-la-umh","status":"publish","type":"post","link":"https:\/\/comunicacion.umh.es\/en\/2014\/03\/18\/una-alumna-del-i-e-s-las-lagunas-de-torrevieja-gana-la-fase-local-de-la-olimpiada-espanola-de-fisica-de-la-umh\/","title":{"rendered":"<span lang=\"es\">(Espa\u00f1ol) Una alumna del I.E.S. Las Lagunas de Torrevieja gana la Fase Local de la Olimpiada Espa\u00f1ola de F\u00edsica de la UMH<\/span>"},"content":{"rendered":"<p class=\"qtranxs-available-languages-message qtranxs-available-languages-message-en\">Sorry, this entry is only available in <a href=\"https:\/\/comunicacion.umh.es\/es\/wp-json\/wp\/v2\/posts\/72220\" class=\"qtranxs-available-language-link qtranxs-available-language-link-es\" title=\"Espa\u00f1ol\">European Spanish<\/a>.<\/p>","protected":false},"excerpt":{"rendered":"<p>Sorry, this entry is only available in European Spanish.<\/p>\n","protected":false},"author":2791,"featured_media":0,"comment_status":"closed","ping_status":"open","sticky":false,"template":"","format":"standard","meta":{"ngg_post_thumbnail":0,"_links_to":"","_links_to_target":""},"categories":[770,2782,2790,43,394],"tags":[],"_links":{"self":[{"href":"https:\/\/comunicacion.umh.es\/en\/wp-json\/wp\/v2\/posts\/72220"}],"collection":[{"href":"https:\/\/comunicacion.umh.es\/en\/wp-json\/wp\/v2\/posts"}],"about":[{"href":"https:\/\/comunicacion.umh.es\/en\/wp-json\/wp\/v2\/types\/post"}],"author":[{"embeddable":true,"href":"https:\/\/comunicacion.umh.es\/en\/wp-json\/wp\/v2\/users\/2791"}],"replies":[{"embeddable":true,"href":"https:\/\/comunicacion.umh.es\/en\/wp-json\/wp\/v2\/comments?post=72220"}],"version-history":[{"count":0,"href":"https:\/\/comunicacion.umh.es\/en\/wp-json\/wp\/v2\/posts\/72220\/revisions"}],"wp:attachment":[{"href":"https:\/\/comunicacion.umh.es\/en\/wp-json\/wp\/v2\/media?parent=72220"}],"wp:term":[{"taxonomy":"category","embeddable":true,"href":"https:\/\/comunicacion.umh.es\/en\/wp-json\/wp\/v2\/categories?post=72220"},{"taxonomy":"post_tag","embeddable":true,"href":"https:\/\/comunicacion.umh.es\/en\/wp-json\/wp\/v2\/tags?post=72220"}],"curies":[{"name":"wp","href":"https:\/\/api.w.org\/{rel}","templated":true}]}}