{"id":72910,"date":"2014-04-07T13:54:55","date_gmt":"2014-04-07T11:54:55","guid":{"rendered":"http:\/\/comunicacion.umh.es\/?p=72910"},"modified":"2014-04-07T13:54:55","modified_gmt":"2014-04-07T11:54:55","slug":"la-segunda-sesion-de-los-coloquios-y-tertulias-sobre-cine-y-salud-de-la-umh-se-centra-en-la-inmigracion-y-los-recortes-sanitarios","status":"publish","type":"post","link":"https:\/\/comunicacion.umh.es\/en\/2014\/04\/07\/la-segunda-sesion-de-los-coloquios-y-tertulias-sobre-cine-y-salud-de-la-umh-se-centra-en-la-inmigracion-y-los-recortes-sanitarios\/","title":{"rendered":"<span lang=\"es\">(Espa\u00f1ol) La segunda sesi\u00f3n de los coloquios y tertulias sobre Cine y Salud de la UMH se centra en la inmigraci\u00f3n y los recortes sanitarios<\/span>"},"content":{"rendered":"<p class=\"qtranxs-available-languages-message qtranxs-available-languages-message-en\">Sorry, this entry is only available in <a href=\"https:\/\/comunicacion.umh.es\/es\/wp-json\/wp\/v2\/posts\/72910\" class=\"qtranxs-available-language-link qtranxs-available-language-link-es\" title=\"Espa\u00f1ol\">European Spanish<\/a>.<\/p>","protected":false},"excerpt":{"rendered":"<p>Sorry, this entry is only available in European Spanish.<\/p>\n","protected":false},"author":2993,"featured_media":0,"comment_status":"closed","ping_status":"open","sticky":false,"template":"","format":"standard","meta":{"ngg_post_thumbnail":0,"_links_to":"","_links_to_target":""},"categories":[770,2782,2790,43,2918],"tags":[],"_links":{"self":[{"href":"https:\/\/comunicacion.umh.es\/en\/wp-json\/wp\/v2\/posts\/72910"}],"collection":[{"href":"https:\/\/comunicacion.umh.es\/en\/wp-json\/wp\/v2\/posts"}],"about":[{"href":"https:\/\/comunicacion.umh.es\/en\/wp-json\/wp\/v2\/types\/post"}],"author":[{"embeddable":true,"href":"https:\/\/comunicacion.umh.es\/en\/wp-json\/wp\/v2\/users\/2993"}],"replies":[{"embeddable":true,"href":"https:\/\/comunicacion.umh.es\/en\/wp-json\/wp\/v2\/comments?post=72910"}],"version-history":[{"count":0,"href":"https:\/\/comunicacion.umh.es\/en\/wp-json\/wp\/v2\/posts\/72910\/revisions"}],"wp:attachment":[{"href":"https:\/\/comunicacion.umh.es\/en\/wp-json\/wp\/v2\/media?parent=72910"}],"wp:term":[{"taxonomy":"category","embeddable":true,"href":"https:\/\/comunicacion.umh.es\/en\/wp-json\/wp\/v2\/categories?post=72910"},{"taxonomy":"post_tag","embeddable":true,"href":"https:\/\/comunicacion.umh.es\/en\/wp-json\/wp\/v2\/tags?post=72910"}],"curies":[{"name":"wp","href":"https:\/\/api.w.org\/{rel}","templated":true}]}}