{"id":73613,"date":"2014-05-02T13:24:22","date_gmt":"2014-05-02T11:24:22","guid":{"rendered":"http:\/\/comunicacion.umh.es\/?p=73613"},"modified":"2014-05-02T13:24:22","modified_gmt":"2014-05-02T11:24:22","slug":"el-ayuntamiento-de-madrid-coloca-una-placa-en-la-casa-en-la-que-vivio-miguel-hernandez-a-peticion-de-la-umh","status":"publish","type":"post","link":"https:\/\/comunicacion.umh.es\/en\/2014\/05\/02\/el-ayuntamiento-de-madrid-coloca-una-placa-en-la-casa-en-la-que-vivio-miguel-hernandez-a-peticion-de-la-umh\/","title":{"rendered":"<span lang=\"es\">(Espa\u00f1ol) El Ayuntamiento de Madrid coloca una placa en la casa en la que vivi\u00f3 Miguel Hern\u00e1ndez, a petici\u00f3n de la UMH<\/span>"},"content":{"rendered":"<p class=\"qtranxs-available-languages-message qtranxs-available-languages-message-en\">Sorry, this entry is only available in <a href=\"https:\/\/comunicacion.umh.es\/es\/wp-json\/wp\/v2\/posts\/73613\" class=\"qtranxs-available-language-link qtranxs-available-language-link-es\" title=\"Espa\u00f1ol\">European Spanish<\/a>.<\/p>","protected":false},"excerpt":{"rendered":"<p>Sorry, this entry is only available in European Spanish.<\/p>\n","protected":false},"author":2693,"featured_media":0,"comment_status":"closed","ping_status":"open","sticky":false,"template":"","format":"standard","meta":{"ngg_post_thumbnail":0,"_links_to":"","_links_to_target":""},"categories":[770,69,2782,2783,43,2785],"tags":[],"_links":{"self":[{"href":"https:\/\/comunicacion.umh.es\/en\/wp-json\/wp\/v2\/posts\/73613"}],"collection":[{"href":"https:\/\/comunicacion.umh.es\/en\/wp-json\/wp\/v2\/posts"}],"about":[{"href":"https:\/\/comunicacion.umh.es\/en\/wp-json\/wp\/v2\/types\/post"}],"author":[{"embeddable":true,"href":"https:\/\/comunicacion.umh.es\/en\/wp-json\/wp\/v2\/users\/2693"}],"replies":[{"embeddable":true,"href":"https:\/\/comunicacion.umh.es\/en\/wp-json\/wp\/v2\/comments?post=73613"}],"version-history":[{"count":0,"href":"https:\/\/comunicacion.umh.es\/en\/wp-json\/wp\/v2\/posts\/73613\/revisions"}],"wp:attachment":[{"href":"https:\/\/comunicacion.umh.es\/en\/wp-json\/wp\/v2\/media?parent=73613"}],"wp:term":[{"taxonomy":"category","embeddable":true,"href":"https:\/\/comunicacion.umh.es\/en\/wp-json\/wp\/v2\/categories?post=73613"},{"taxonomy":"post_tag","embeddable":true,"href":"https:\/\/comunicacion.umh.es\/en\/wp-json\/wp\/v2\/tags?post=73613"}],"curies":[{"name":"wp","href":"https:\/\/api.w.org\/{rel}","templated":true}]}}