{"id":77860,"date":"2014-09-11T12:38:28","date_gmt":"2014-09-11T10:38:28","guid":{"rendered":"http:\/\/comunicacion.umh.es\/?p=77860"},"modified":"2014-09-11T14:01:55","modified_gmt":"2014-09-11T12:01:55","slug":"alrededor-de-200-estudiantes-de-la-umh-se-desplazaran-el-proximo-curso-a-universidades-de-la-ue-dentro-del-programa-erasmus","status":"publish","type":"post","link":"https:\/\/comunicacion.umh.es\/en\/2014\/09\/11\/alrededor-de-200-estudiantes-de-la-umh-se-desplazaran-el-proximo-curso-a-universidades-de-la-ue-dentro-del-programa-erasmus\/","title":{"rendered":"<span lang=\"es\">(Espa\u00f1ol) Alrededor de 200 estudiantes de la UMH se desplazar\u00e1n el pr\u00f3ximo curso a universidades de la UE dentro del programa Erasmus<\/span>"},"content":{"rendered":"<p class=\"qtranxs-available-languages-message qtranxs-available-languages-message-en\">Sorry, this entry is only available in <a href=\"https:\/\/comunicacion.umh.es\/es\/wp-json\/wp\/v2\/posts\/77860\" class=\"qtranxs-available-language-link qtranxs-available-language-link-es\" title=\"Espa\u00f1ol\">European Spanish<\/a>.<\/p>","protected":false},"excerpt":{"rendered":"<p>Sorry, this entry is only available in European Spanish.<\/p>\n","protected":false},"author":2993,"featured_media":0,"comment_status":"closed","ping_status":"open","sticky":false,"template":"","format":"standard","meta":{"ngg_post_thumbnail":0,"_links_to":"","_links_to_target":""},"categories":[794,770,69,2789,2782,2783,43,394,2785,2918],"tags":[],"_links":{"self":[{"href":"https:\/\/comunicacion.umh.es\/en\/wp-json\/wp\/v2\/posts\/77860"}],"collection":[{"href":"https:\/\/comunicacion.umh.es\/en\/wp-json\/wp\/v2\/posts"}],"about":[{"href":"https:\/\/comunicacion.umh.es\/en\/wp-json\/wp\/v2\/types\/post"}],"author":[{"embeddable":true,"href":"https:\/\/comunicacion.umh.es\/en\/wp-json\/wp\/v2\/users\/2993"}],"replies":[{"embeddable":true,"href":"https:\/\/comunicacion.umh.es\/en\/wp-json\/wp\/v2\/comments?post=77860"}],"version-history":[{"count":0,"href":"https:\/\/comunicacion.umh.es\/en\/wp-json\/wp\/v2\/posts\/77860\/revisions"}],"wp:attachment":[{"href":"https:\/\/comunicacion.umh.es\/en\/wp-json\/wp\/v2\/media?parent=77860"}],"wp:term":[{"taxonomy":"category","embeddable":true,"href":"https:\/\/comunicacion.umh.es\/en\/wp-json\/wp\/v2\/categories?post=77860"},{"taxonomy":"post_tag","embeddable":true,"href":"https:\/\/comunicacion.umh.es\/en\/wp-json\/wp\/v2\/tags?post=77860"}],"curies":[{"name":"wp","href":"https:\/\/api.w.org\/{rel}","templated":true}]}}