{"id":78764,"date":"2014-10-07T05:20:43","date_gmt":"2014-10-07T03:20:43","guid":{"rendered":"http:\/\/comunicacion.umh.es\/?p=78764"},"modified":"2014-12-23T15:19:29","modified_gmt":"2014-12-23T14:19:29","slug":"entrevista-al-catedratico-de-medicina-preventiva-y-salud-publica-de-la-umh-ildefonso-hernandez-aguado-sobre-el-ebola","status":"publish","type":"post","link":"https:\/\/comunicacion.umh.es\/en\/2014\/10\/07\/entrevista-al-catedratico-de-medicina-preventiva-y-salud-publica-de-la-umh-ildefonso-hernandez-aguado-sobre-el-ebola\/","title":{"rendered":"<span lang=\"es\">(Espa\u00f1ol) Entrevista al catedr\u00e1tico de Medicina Preventiva y Salud P\u00fablica de la UMH, Ildefonso Hern\u00e1ndez Aguado, sobre el \u00c9bola<\/span>"},"content":{"rendered":"<p class=\"qtranxs-available-languages-message qtranxs-available-languages-message-en\">Sorry, this entry is only available in <a href=\"https:\/\/comunicacion.umh.es\/es\/wp-json\/wp\/v2\/posts\/78764\" class=\"qtranxs-available-language-link qtranxs-available-language-link-es\" title=\"Espa\u00f1ol\">European Spanish<\/a>.<\/p>","protected":false},"excerpt":{"rendered":"<p>Sorry, this entry is only available in European Spanish.<\/p>\n","protected":false},"author":2761,"featured_media":0,"comment_status":"closed","ping_status":"open","sticky":false,"template":"","format":"standard","meta":{"ngg_post_thumbnail":0,"_links_to":"","_links_to_target":""},"categories":[1229,4427],"tags":[],"_links":{"self":[{"href":"https:\/\/comunicacion.umh.es\/en\/wp-json\/wp\/v2\/posts\/78764"}],"collection":[{"href":"https:\/\/comunicacion.umh.es\/en\/wp-json\/wp\/v2\/posts"}],"about":[{"href":"https:\/\/comunicacion.umh.es\/en\/wp-json\/wp\/v2\/types\/post"}],"author":[{"embeddable":true,"href":"https:\/\/comunicacion.umh.es\/en\/wp-json\/wp\/v2\/users\/2761"}],"replies":[{"embeddable":true,"href":"https:\/\/comunicacion.umh.es\/en\/wp-json\/wp\/v2\/comments?post=78764"}],"version-history":[{"count":0,"href":"https:\/\/comunicacion.umh.es\/en\/wp-json\/wp\/v2\/posts\/78764\/revisions"}],"wp:attachment":[{"href":"https:\/\/comunicacion.umh.es\/en\/wp-json\/wp\/v2\/media?parent=78764"}],"wp:term":[{"taxonomy":"category","embeddable":true,"href":"https:\/\/comunicacion.umh.es\/en\/wp-json\/wp\/v2\/categories?post=78764"},{"taxonomy":"post_tag","embeddable":true,"href":"https:\/\/comunicacion.umh.es\/en\/wp-json\/wp\/v2\/tags?post=78764"}],"curies":[{"name":"wp","href":"https:\/\/api.w.org\/{rel}","templated":true}]}}