{"id":80087,"date":"2014-11-12T12:53:17","date_gmt":"2014-11-12T11:53:17","guid":{"rendered":"http:\/\/comunicacion.umh.es\/?p=80087"},"modified":"2014-11-12T14:21:25","modified_gmt":"2014-11-12T13:21:25","slug":"valencia-la-comissio-interuniversitaria-per-una-radio-tv-publica-valenciana-organitza-a-la-umh-una-jornada-danalisi","status":"publish","type":"post","link":"https:\/\/comunicacion.umh.es\/en\/2014\/11\/12\/valencia-la-comissio-interuniversitaria-per-una-radio-tv-publica-valenciana-organitza-a-la-umh-una-jornada-danalisi\/","title":{"rendered":"<span lang=\"es\">(Espa\u00f1ol) La Comissi\u00f3 Interuniversit\u00e0ria per una R\u00e0dio-Tv P\u00fablica Valenciana organitza a la UMH una jornada d\u2019an\u00e0lisi<\/span>"},"content":{"rendered":"<p class=\"qtranxs-available-languages-message qtranxs-available-languages-message-en\">Sorry, this entry is only available in <a href=\"https:\/\/comunicacion.umh.es\/es\/wp-json\/wp\/v2\/posts\/80087\" class=\"qtranxs-available-language-link qtranxs-available-language-link-es\" title=\"Espa\u00f1ol\">European Spanish<\/a>.<\/p>","protected":false},"excerpt":{"rendered":"<p>Sorry, this entry is only available in European Spanish.<\/p>\n","protected":false},"author":2993,"featured_media":0,"comment_status":"closed","ping_status":"open","sticky":false,"template":"","format":"standard","meta":{"ngg_post_thumbnail":0,"_links_to":"","_links_to_target":""},"categories":[770,69,2782,2790,43,2796],"tags":[],"_links":{"self":[{"href":"https:\/\/comunicacion.umh.es\/en\/wp-json\/wp\/v2\/posts\/80087"}],"collection":[{"href":"https:\/\/comunicacion.umh.es\/en\/wp-json\/wp\/v2\/posts"}],"about":[{"href":"https:\/\/comunicacion.umh.es\/en\/wp-json\/wp\/v2\/types\/post"}],"author":[{"embeddable":true,"href":"https:\/\/comunicacion.umh.es\/en\/wp-json\/wp\/v2\/users\/2993"}],"replies":[{"embeddable":true,"href":"https:\/\/comunicacion.umh.es\/en\/wp-json\/wp\/v2\/comments?post=80087"}],"version-history":[{"count":0,"href":"https:\/\/comunicacion.umh.es\/en\/wp-json\/wp\/v2\/posts\/80087\/revisions"}],"wp:attachment":[{"href":"https:\/\/comunicacion.umh.es\/en\/wp-json\/wp\/v2\/media?parent=80087"}],"wp:term":[{"taxonomy":"category","embeddable":true,"href":"https:\/\/comunicacion.umh.es\/en\/wp-json\/wp\/v2\/categories?post=80087"},{"taxonomy":"post_tag","embeddable":true,"href":"https:\/\/comunicacion.umh.es\/en\/wp-json\/wp\/v2\/tags?post=80087"}],"curies":[{"name":"wp","href":"https:\/\/api.w.org\/{rel}","templated":true}]}}