{"id":81909,"date":"2015-01-19T11:14:58","date_gmt":"2015-01-19T10:14:58","guid":{"rendered":"http:\/\/comunicacion.umh.es\/?p=81909"},"modified":"2015-01-19T11:15:41","modified_gmt":"2015-01-19T10:15:41","slug":"un-estudio-concluye-que-la-desaparicion-de-la-accion-de-los-carroneros-aumenta-la-emision-de-los-gases-de-efecto-invernadero","status":"publish","type":"post","link":"https:\/\/comunicacion.umh.es\/en\/2015\/01\/19\/un-estudio-concluye-que-la-desaparicion-de-la-accion-de-los-carroneros-aumenta-la-emision-de-los-gases-de-efecto-invernadero\/","title":{"rendered":"<span lang=\"es\">(Espa\u00f1ol) Un estudio concluye que la desaparici\u00f3n de la acci\u00f3n de los carro\u00f1eros aumenta la emisi\u00f3n de los gases de efecto invernadero<\/span>"},"content":{"rendered":"<p class=\"qtranxs-available-languages-message qtranxs-available-languages-message-en\">Sorry, this entry is only available in <a href=\"https:\/\/comunicacion.umh.es\/es\/wp-json\/wp\/v2\/posts\/81909\" class=\"qtranxs-available-language-link qtranxs-available-language-link-es\" title=\"Espa\u00f1ol\">European Spanish<\/a>.<\/p>","protected":false},"excerpt":{"rendered":"<p>Sorry, this entry is only available in European Spanish.<\/p>\n","protected":false},"author":2693,"featured_media":0,"comment_status":"closed","ping_status":"open","sticky":false,"template":"","format":"standard","meta":{"ngg_post_thumbnail":0,"_links_to":"","_links_to_target":""},"categories":[770,69,2782,191,2786,43],"tags":[],"_links":{"self":[{"href":"https:\/\/comunicacion.umh.es\/en\/wp-json\/wp\/v2\/posts\/81909"}],"collection":[{"href":"https:\/\/comunicacion.umh.es\/en\/wp-json\/wp\/v2\/posts"}],"about":[{"href":"https:\/\/comunicacion.umh.es\/en\/wp-json\/wp\/v2\/types\/post"}],"author":[{"embeddable":true,"href":"https:\/\/comunicacion.umh.es\/en\/wp-json\/wp\/v2\/users\/2693"}],"replies":[{"embeddable":true,"href":"https:\/\/comunicacion.umh.es\/en\/wp-json\/wp\/v2\/comments?post=81909"}],"version-history":[{"count":0,"href":"https:\/\/comunicacion.umh.es\/en\/wp-json\/wp\/v2\/posts\/81909\/revisions"}],"wp:attachment":[{"href":"https:\/\/comunicacion.umh.es\/en\/wp-json\/wp\/v2\/media?parent=81909"}],"wp:term":[{"taxonomy":"category","embeddable":true,"href":"https:\/\/comunicacion.umh.es\/en\/wp-json\/wp\/v2\/categories?post=81909"},{"taxonomy":"post_tag","embeddable":true,"href":"https:\/\/comunicacion.umh.es\/en\/wp-json\/wp\/v2\/tags?post=81909"}],"curies":[{"name":"wp","href":"https:\/\/api.w.org\/{rel}","templated":true}]}}