{"id":834,"date":"2010-06-17T12:18:20","date_gmt":"2010-06-17T10:18:20","guid":{"rendered":"http:\/\/comunicacion.zeus.umh.es\/?p=834"},"modified":"2010-06-17T12:18:20","modified_gmt":"2010-06-17T10:18:20","slug":"galeria-de-fotos-del-solemne-acto-de-investidura-del-excmo-sr-d-pedro-amat-munoz-excmo-sr-d-pedro-ruiz-torres-y-excma-sra-dna-araceli-macia-anton-como-doctores-honoris-causa-el-29-de-octubre","status":"publish","type":"post","link":"https:\/\/comunicacion.umh.es\/en\/2010\/06\/17\/galeria-de-fotos-del-solemne-acto-de-investidura-del-excmo-sr-d-pedro-amat-munoz-excmo-sr-d-pedro-ruiz-torres-y-excma-sra-dna-araceli-macia-anton-como-doctores-honoris-causa-el-29-de-octubre\/","title":{"rendered":"Galeria de fotos del solemne Acto de Investidura del Excmo. Sr. D. Pedro Amat M\u00fa\u00f1oz, Excmo. Sr. D. Pedro Ruiz Torres y Excma. Sra. D\u00f1a. Araceli Maci\u00e1 Ant\u00f3n como Doctores Honoris Causa el 29 de octubre de 2004"},"content":{"rendered":"<!-- index.php -->\n<div\n\tclass=\"ngg-galleryoverview ngg-ajax-pagination-none\"\n\tid=\"ngg-gallery-2cbd1d7f4db633c1d3ba4d6bf479dba4-1\">\n\n    \t<div class=\"slideshowlink\">\n        <a href='https:\/\/comunicacion.umh.es\/en\/2010\/06\/17\/galeria-de-fotos-del-solemne-acto-de-investidura-del-excmo-sr-d-pedro-amat-munoz-excmo-sr-d-pedro-ruiz-torres-y-excma-sra-dna-araceli-macia-anton-como-doctores-honoris-causa-el-29-de-octubre\/nggallery\/slideshow'>[Mostrar como pase de diapositivas]<\/a>\n\t\t\n\t<\/div>\n\t\t\t<!-- Thumbnails -->\n\t\t\t\t<div id=\"ngg-image-0\" class=\"ngg-gallery-thumbnail-box\" >\n\t\t\t\t        <div class=\"ngg-gallery-thumbnail\">\n            <a href=\"https:\/\/comunicacion.umh.es\/wp-content\/blogs.dir\/84\/files\/galerias\/doctor-honoris-causa-3-rectores\/dscn0011.jpg\"\n               title=\"\"\n               data-src=\"https:\/\/comunicacion.umh.es\/wp-content\/blogs.dir\/84\/files\/galerias\/doctor-honoris-causa-3-rectores\/dscn0011.jpg\"\n               data-thumbnail=\"https:\/\/comunicacion.umh.es\/wp-content\/blogs.dir\/84\/files\/galerias\/doctor-honoris-causa-3-rectores\/thumbs\/thumbs_dscn0011.jpg\"\n               data-image-id=\"2162\"\n               data-title=\"\"\n               data-description=\"\"\n               data-image-slug=\"\"\n               class=\"ngg-fancybox\" rel=\"2cbd1d7f4db633c1d3ba4d6bf479dba4\">\n                <img\n                    title=\"\"\n                    alt=\"\"\n                    src=\"https:\/\/comunicacion.umh.es\/wp-content\/blogs.dir\/84\/files\/galerias\/doctor-honoris-causa-3-rectores\/thumbs\/thumbs_dscn0011.jpg\"\n                    width=\"100\"\n                    height=\"75\"\n                    style=\"max-width:100%;\"\n                \/>\n            <\/a>\n        <\/div>\n\t\t\t\t\t\t\t<\/div> \n\t\t\t\n        \n\t\t\t\t<div id=\"ngg-image-1\" class=\"ngg-gallery-thumbnail-box\" >\n\t\t\t\t        <div class=\"ngg-gallery-thumbnail\">\n            <a href=\"https:\/\/comunicacion.umh.es\/wp-content\/blogs.dir\/84\/files\/galerias\/doctor-honoris-causa-3-rectores\/dscn0013.jpg\"\n               title=\"\"\n               data-src=\"https:\/\/comunicacion.umh.es\/wp-content\/blogs.dir\/84\/files\/galerias\/doctor-honoris-causa-3-rectores\/dscn0013.jpg\"\n               data-thumbnail=\"https:\/\/comunicacion.umh.es\/wp-content\/blogs.dir\/84\/files\/galerias\/doctor-honoris-causa-3-rectores\/thumbs\/thumbs_dscn0013.jpg\"\n               data-image-id=\"2164\"\n               data-title=\"\"\n               data-description=\"\"\n               data-image-slug=\"\"\n               class=\"ngg-fancybox\" rel=\"2cbd1d7f4db633c1d3ba4d6bf479dba4\">\n                <img\n                    title=\"\"\n                    alt=\"\"\n                    src=\"https:\/\/comunicacion.umh.es\/wp-content\/blogs.dir\/84\/files\/galerias\/doctor-honoris-causa-3-rectores\/thumbs\/thumbs_dscn0013.jpg\"\n                    width=\"100\"\n                    height=\"75\"\n                    style=\"max-width:100%;\"\n                \/>\n            <\/a>\n        <\/div>\n\t\t\t\t\t\t\t<\/div> \n\t\t\t\n        \n\t\t\t\t<div id=\"ngg-image-2\" class=\"ngg-gallery-thumbnail-box\" >\n\t\t\t\t        <div class=\"ngg-gallery-thumbnail\">\n            <a href=\"https:\/\/comunicacion.umh.es\/wp-content\/blogs.dir\/84\/files\/galerias\/doctor-honoris-causa-3-rectores\/dscn0021.jpg\"\n               title=\"\"\n               data-src=\"https:\/\/comunicacion.umh.es\/wp-content\/blogs.dir\/84\/files\/galerias\/doctor-honoris-causa-3-rectores\/dscn0021.jpg\"\n               data-thumbnail=\"https:\/\/comunicacion.umh.es\/wp-content\/blogs.dir\/84\/files\/galerias\/doctor-honoris-causa-3-rectores\/thumbs\/thumbs_dscn0021.jpg\"\n               data-image-id=\"2169\"\n               data-title=\"\"\n               data-description=\"\"\n               data-image-slug=\"\"\n               class=\"ngg-fancybox\" rel=\"2cbd1d7f4db633c1d3ba4d6bf479dba4\">\n                <img\n                    title=\"\"\n                    alt=\"\"\n                    src=\"https:\/\/comunicacion.umh.es\/wp-content\/blogs.dir\/84\/files\/galerias\/doctor-honoris-causa-3-rectores\/thumbs\/thumbs_dscn0021.jpg\"\n                    width=\"100\"\n                    height=\"75\"\n                    style=\"max-width:100%;\"\n                \/>\n            <\/a>\n        <\/div>\n\t\t\t\t\t\t\t<\/div> \n\t\t\t\n        \n\t\t\t\t<div id=\"ngg-image-3\" class=\"ngg-gallery-thumbnail-box\" >\n\t\t\t\t        <div class=\"ngg-gallery-thumbnail\">\n            <a href=\"https:\/\/comunicacion.umh.es\/wp-content\/blogs.dir\/84\/files\/galerias\/doctor-honoris-causa-3-rectores\/dscn0026.jpg\"\n               title=\"\"\n               data-src=\"https:\/\/comunicacion.umh.es\/wp-content\/blogs.dir\/84\/files\/galerias\/doctor-honoris-causa-3-rectores\/dscn0026.jpg\"\n               data-thumbnail=\"https:\/\/comunicacion.umh.es\/wp-content\/blogs.dir\/84\/files\/galerias\/doctor-honoris-causa-3-rectores\/thumbs\/thumbs_dscn0026.jpg\"\n               data-image-id=\"2172\"\n               data-title=\"\"\n               data-description=\"\"\n               data-image-slug=\"\"\n               class=\"ngg-fancybox\" rel=\"2cbd1d7f4db633c1d3ba4d6bf479dba4\">\n                <img\n                    title=\"\"\n                    alt=\"\"\n                    src=\"https:\/\/comunicacion.umh.es\/wp-content\/blogs.dir\/84\/files\/galerias\/doctor-honoris-causa-3-rectores\/thumbs\/thumbs_dscn0026.jpg\"\n                    width=\"100\"\n                    height=\"75\"\n                    style=\"max-width:100%;\"\n                \/>\n            <\/a>\n        <\/div>\n\t\t\t\t\t\t\t<\/div> \n\t\t\t\n        \n\t\t\t\t<div id=\"ngg-image-4\" class=\"ngg-gallery-thumbnail-box\" >\n\t\t\t\t        <div class=\"ngg-gallery-thumbnail\">\n            <a href=\"https:\/\/comunicacion.umh.es\/wp-content\/blogs.dir\/84\/files\/galerias\/doctor-honoris-causa-3-rectores\/dscn0027.jpg\"\n               title=\"\"\n               data-src=\"https:\/\/comunicacion.umh.es\/wp-content\/blogs.dir\/84\/files\/galerias\/doctor-honoris-causa-3-rectores\/dscn0027.jpg\"\n               data-thumbnail=\"https:\/\/comunicacion.umh.es\/wp-content\/blogs.dir\/84\/files\/galerias\/doctor-honoris-causa-3-rectores\/thumbs\/thumbs_dscn0027.jpg\"\n               data-image-id=\"2173\"\n               data-title=\"\"\n               data-description=\"\"\n               data-image-slug=\"\"\n               class=\"ngg-fancybox\" rel=\"2cbd1d7f4db633c1d3ba4d6bf479dba4\">\n                <img\n                    title=\"\"\n                    alt=\"\"\n                    src=\"https:\/\/comunicacion.umh.es\/wp-content\/blogs.dir\/84\/files\/galerias\/doctor-honoris-causa-3-rectores\/thumbs\/thumbs_dscn0027.jpg\"\n                    width=\"100\"\n                    height=\"75\"\n                    style=\"max-width:100%;\"\n                \/>\n            <\/a>\n        <\/div>\n\t\t\t\t\t\t\t<\/div> \n\t\t\t\n        \n\t\t\t\t<div id=\"ngg-image-5\" class=\"ngg-gallery-thumbnail-box\" >\n\t\t\t\t        <div class=\"ngg-gallery-thumbnail\">\n            <a href=\"https:\/\/comunicacion.umh.es\/wp-content\/blogs.dir\/84\/files\/galerias\/doctor-honoris-causa-3-rectores\/dscn0025.jpg\"\n               title=\"\"\n               data-src=\"https:\/\/comunicacion.umh.es\/wp-content\/blogs.dir\/84\/files\/galerias\/doctor-honoris-causa-3-rectores\/dscn0025.jpg\"\n               data-thumbnail=\"https:\/\/comunicacion.umh.es\/wp-content\/blogs.dir\/84\/files\/galerias\/doctor-honoris-causa-3-rectores\/thumbs\/thumbs_dscn0025.jpg\"\n               data-image-id=\"2171\"\n               data-title=\"\"\n               data-description=\"\"\n               data-image-slug=\"\"\n               class=\"ngg-fancybox\" rel=\"2cbd1d7f4db633c1d3ba4d6bf479dba4\">\n                <img\n                    title=\"\"\n                    alt=\"\"\n                    src=\"https:\/\/comunicacion.umh.es\/wp-content\/blogs.dir\/84\/files\/galerias\/doctor-honoris-causa-3-rectores\/thumbs\/thumbs_dscn0025.jpg\"\n                    width=\"100\"\n                    height=\"75\"\n                    style=\"max-width:100%;\"\n                \/>\n            <\/a>\n        <\/div>\n\t\t\t\t\t\t\t<\/div> \n\t\t\t\n        \n\t\t\t\t<div id=\"ngg-image-6\" class=\"ngg-gallery-thumbnail-box\" >\n\t\t\t\t        <div class=\"ngg-gallery-thumbnail\">\n            <a href=\"https:\/\/comunicacion.umh.es\/wp-content\/blogs.dir\/84\/files\/galerias\/doctor-honoris-causa-3-rectores\/dscn0045.jpg\"\n               title=\"\"\n               data-src=\"https:\/\/comunicacion.umh.es\/wp-content\/blogs.dir\/84\/files\/galerias\/doctor-honoris-causa-3-rectores\/dscn0045.jpg\"\n               data-thumbnail=\"https:\/\/comunicacion.umh.es\/wp-content\/blogs.dir\/84\/files\/galerias\/doctor-honoris-causa-3-rectores\/thumbs\/thumbs_dscn0045.jpg\"\n               data-image-id=\"2178\"\n               data-title=\"\"\n               data-description=\"\"\n               data-image-slug=\"\"\n               class=\"ngg-fancybox\" rel=\"2cbd1d7f4db633c1d3ba4d6bf479dba4\">\n                <img\n                    title=\"\"\n                    alt=\"\"\n                    src=\"https:\/\/comunicacion.umh.es\/wp-content\/blogs.dir\/84\/files\/galerias\/doctor-honoris-causa-3-rectores\/thumbs\/thumbs_dscn0045.jpg\"\n                    width=\"100\"\n                    height=\"75\"\n                    style=\"max-width:100%;\"\n                \/>\n            <\/a>\n        <\/div>\n\t\t\t\t\t\t\t<\/div> \n\t\t\t\n        \n\t\t\t\t<div id=\"ngg-image-7\" class=\"ngg-gallery-thumbnail-box\" >\n\t\t\t\t        <div class=\"ngg-gallery-thumbnail\">\n            <a href=\"https:\/\/comunicacion.umh.es\/wp-content\/blogs.dir\/84\/files\/galerias\/doctor-honoris-causa-3-rectores\/dscn0024.jpg\"\n               title=\"\"\n               data-src=\"https:\/\/comunicacion.umh.es\/wp-content\/blogs.dir\/84\/files\/galerias\/doctor-honoris-causa-3-rectores\/dscn0024.jpg\"\n               data-thumbnail=\"https:\/\/comunicacion.umh.es\/wp-content\/blogs.dir\/84\/files\/galerias\/doctor-honoris-causa-3-rectores\/thumbs\/thumbs_dscn0024.jpg\"\n               data-image-id=\"2170\"\n               data-title=\"\"\n               data-description=\"\"\n               data-image-slug=\"\"\n               class=\"ngg-fancybox\" rel=\"2cbd1d7f4db633c1d3ba4d6bf479dba4\">\n                <img\n                    title=\"\"\n                    alt=\"\"\n                    src=\"https:\/\/comunicacion.umh.es\/wp-content\/blogs.dir\/84\/files\/galerias\/doctor-honoris-causa-3-rectores\/thumbs\/thumbs_dscn0024.jpg\"\n                    width=\"100\"\n                    height=\"75\"\n                    style=\"max-width:100%;\"\n                \/>\n            <\/a>\n        <\/div>\n\t\t\t\t\t\t\t<\/div> \n\t\t\t\n        \n\t\t\t\t<div id=\"ngg-image-8\" class=\"ngg-gallery-thumbnail-box\" >\n\t\t\t\t        <div class=\"ngg-gallery-thumbnail\">\n            <a href=\"https:\/\/comunicacion.umh.es\/wp-content\/blogs.dir\/84\/files\/galerias\/doctor-honoris-causa-3-rectores\/dscn0050.jpg\"\n               title=\"\"\n               data-src=\"https:\/\/comunicacion.umh.es\/wp-content\/blogs.dir\/84\/files\/galerias\/doctor-honoris-causa-3-rectores\/dscn0050.jpg\"\n               data-thumbnail=\"https:\/\/comunicacion.umh.es\/wp-content\/blogs.dir\/84\/files\/galerias\/doctor-honoris-causa-3-rectores\/thumbs\/thumbs_dscn0050.jpg\"\n               data-image-id=\"2185\"\n               data-title=\"\"\n               data-description=\"\"\n               data-image-slug=\"\"\n               class=\"ngg-fancybox\" rel=\"2cbd1d7f4db633c1d3ba4d6bf479dba4\">\n                <img\n                    title=\"\"\n                    alt=\"\"\n                    src=\"https:\/\/comunicacion.umh.es\/wp-content\/blogs.dir\/84\/files\/galerias\/doctor-honoris-causa-3-rectores\/thumbs\/thumbs_dscn0050.jpg\"\n                    width=\"100\"\n                    height=\"75\"\n                    style=\"max-width:100%;\"\n                \/>\n            <\/a>\n        <\/div>\n\t\t\t\t\t\t\t<\/div> \n\t\t\t\n        \n\t\t\t\t<div id=\"ngg-image-9\" class=\"ngg-gallery-thumbnail-box\" >\n\t\t\t\t        <div class=\"ngg-gallery-thumbnail\">\n            <a href=\"https:\/\/comunicacion.umh.es\/wp-content\/blogs.dir\/84\/files\/galerias\/doctor-honoris-causa-3-rectores\/dscn0110.jpg\"\n               title=\"\"\n               data-src=\"https:\/\/comunicacion.umh.es\/wp-content\/blogs.dir\/84\/files\/galerias\/doctor-honoris-causa-3-rectores\/dscn0110.jpg\"\n               data-thumbnail=\"https:\/\/comunicacion.umh.es\/wp-content\/blogs.dir\/84\/files\/galerias\/doctor-honoris-causa-3-rectores\/thumbs\/thumbs_dscn0110.jpg\"\n               data-image-id=\"2188\"\n               data-title=\"\"\n               data-description=\"\"\n               data-image-slug=\"\"\n               class=\"ngg-fancybox\" rel=\"2cbd1d7f4db633c1d3ba4d6bf479dba4\">\n                <img\n                    title=\"\"\n                    alt=\"\"\n                    src=\"https:\/\/comunicacion.umh.es\/wp-content\/blogs.dir\/84\/files\/galerias\/doctor-honoris-causa-3-rectores\/thumbs\/thumbs_dscn0110.jpg\"\n                    width=\"100\"\n                    height=\"75\"\n                    style=\"max-width:100%;\"\n                \/>\n            <\/a>\n        <\/div>\n\t\t\t\t\t\t\t<\/div> \n\t\t\t\n        \n\t\t\t\t<div id=\"ngg-image-10\" class=\"ngg-gallery-thumbnail-box\" >\n\t\t\t\t        <div class=\"ngg-gallery-thumbnail\">\n            <a href=\"https:\/\/comunicacion.umh.es\/wp-content\/blogs.dir\/84\/files\/galerias\/doctor-honoris-causa-3-rectores\/dscn0005.jpg\"\n               title=\"\"\n               data-src=\"https:\/\/comunicacion.umh.es\/wp-content\/blogs.dir\/84\/files\/galerias\/doctor-honoris-causa-3-rectores\/dscn0005.jpg\"\n               data-thumbnail=\"https:\/\/comunicacion.umh.es\/wp-content\/blogs.dir\/84\/files\/galerias\/doctor-honoris-causa-3-rectores\/thumbs\/thumbs_dscn0005.jpg\"\n               data-image-id=\"2161\"\n               data-title=\"\"\n               data-description=\"\"\n               data-image-slug=\"\"\n               class=\"ngg-fancybox\" rel=\"2cbd1d7f4db633c1d3ba4d6bf479dba4\">\n                <img\n                    title=\"\"\n                    alt=\"\"\n                    src=\"https:\/\/comunicacion.umh.es\/wp-content\/blogs.dir\/84\/files\/galerias\/doctor-honoris-causa-3-rectores\/thumbs\/thumbs_dscn0005.jpg\"\n                    width=\"100\"\n                    height=\"75\"\n                    style=\"max-width:100%;\"\n                \/>\n            <\/a>\n        <\/div>\n\t\t\t\t\t\t\t<\/div> \n\t\t\t\n        \n\t\t\t\t<div id=\"ngg-image-11\" class=\"ngg-gallery-thumbnail-box\" >\n\t\t\t\t        <div class=\"ngg-gallery-thumbnail\">\n            <a href=\"https:\/\/comunicacion.umh.es\/wp-content\/blogs.dir\/84\/files\/galerias\/doctor-honoris-causa-3-rectores\/dscn0054.jpg\"\n               title=\"\"\n               data-src=\"https:\/\/comunicacion.umh.es\/wp-content\/blogs.dir\/84\/files\/galerias\/doctor-honoris-causa-3-rectores\/dscn0054.jpg\"\n               data-thumbnail=\"https:\/\/comunicacion.umh.es\/wp-content\/blogs.dir\/84\/files\/galerias\/doctor-honoris-causa-3-rectores\/thumbs\/thumbs_dscn0054.jpg\"\n               data-image-id=\"2183\"\n               data-title=\"\"\n               data-description=\"\"\n               data-image-slug=\"\"\n               class=\"ngg-fancybox\" rel=\"2cbd1d7f4db633c1d3ba4d6bf479dba4\">\n                <img\n                    title=\"\"\n                    alt=\"\"\n                    src=\"https:\/\/comunicacion.umh.es\/wp-content\/blogs.dir\/84\/files\/galerias\/doctor-honoris-causa-3-rectores\/thumbs\/thumbs_dscn0054.jpg\"\n                    width=\"100\"\n                    height=\"75\"\n                    style=\"max-width:100%;\"\n                \/>\n            <\/a>\n        <\/div>\n\t\t\t\t\t\t\t<\/div> \n\t\t\t\n        \n\t\t\t\t<div id=\"ngg-image-12\" class=\"ngg-gallery-thumbnail-box\" >\n\t\t\t\t        <div class=\"ngg-gallery-thumbnail\">\n            <a href=\"https:\/\/comunicacion.umh.es\/wp-content\/blogs.dir\/84\/files\/galerias\/doctor-honoris-causa-3-rectores\/dscn0072.jpg\"\n               title=\"\"\n               data-src=\"https:\/\/comunicacion.umh.es\/wp-content\/blogs.dir\/84\/files\/galerias\/doctor-honoris-causa-3-rectores\/dscn0072.jpg\"\n               data-thumbnail=\"https:\/\/comunicacion.umh.es\/wp-content\/blogs.dir\/84\/files\/galerias\/doctor-honoris-causa-3-rectores\/thumbs\/thumbs_dscn0072.jpg\"\n               data-image-id=\"2182\"\n               data-title=\"\"\n               data-description=\"\"\n               data-image-slug=\"\"\n               class=\"ngg-fancybox\" rel=\"2cbd1d7f4db633c1d3ba4d6bf479dba4\">\n                <img\n                    title=\"\"\n                    alt=\"\"\n                    src=\"https:\/\/comunicacion.umh.es\/wp-content\/blogs.dir\/84\/files\/galerias\/doctor-honoris-causa-3-rectores\/thumbs\/thumbs_dscn0072.jpg\"\n                    width=\"100\"\n                    height=\"75\"\n                    style=\"max-width:100%;\"\n                \/>\n            <\/a>\n        <\/div>\n\t\t\t\t\t\t\t<\/div> \n\t\t\t\n        \n\t\t\t\t<div id=\"ngg-image-13\" class=\"ngg-gallery-thumbnail-box\" >\n\t\t\t\t        <div class=\"ngg-gallery-thumbnail\">\n            <a href=\"https:\/\/comunicacion.umh.es\/wp-content\/blogs.dir\/84\/files\/galerias\/doctor-honoris-causa-3-rectores\/dscn0076.jpg\"\n               title=\"\"\n               data-src=\"https:\/\/comunicacion.umh.es\/wp-content\/blogs.dir\/84\/files\/galerias\/doctor-honoris-causa-3-rectores\/dscn0076.jpg\"\n               data-thumbnail=\"https:\/\/comunicacion.umh.es\/wp-content\/blogs.dir\/84\/files\/galerias\/doctor-honoris-causa-3-rectores\/thumbs\/thumbs_dscn0076.jpg\"\n               data-image-id=\"2181\"\n               data-title=\"\"\n               data-description=\"\"\n               data-image-slug=\"\"\n               class=\"ngg-fancybox\" rel=\"2cbd1d7f4db633c1d3ba4d6bf479dba4\">\n                <img\n                    title=\"\"\n                    alt=\"\"\n                    src=\"https:\/\/comunicacion.umh.es\/wp-content\/blogs.dir\/84\/files\/galerias\/doctor-honoris-causa-3-rectores\/thumbs\/thumbs_dscn0076.jpg\"\n                    width=\"100\"\n                    height=\"75\"\n                    style=\"max-width:100%;\"\n                \/>\n            <\/a>\n        <\/div>\n\t\t\t\t\t\t\t<\/div> \n\t\t\t\n        \n\t\t\t\t<div id=\"ngg-image-14\" class=\"ngg-gallery-thumbnail-box\" >\n\t\t\t\t        <div class=\"ngg-gallery-thumbnail\">\n            <a href=\"https:\/\/comunicacion.umh.es\/wp-content\/blogs.dir\/84\/files\/galerias\/doctor-honoris-causa-3-rectores\/dscn0077.jpg\"\n               title=\"\"\n               data-src=\"https:\/\/comunicacion.umh.es\/wp-content\/blogs.dir\/84\/files\/galerias\/doctor-honoris-causa-3-rectores\/dscn0077.jpg\"\n               data-thumbnail=\"https:\/\/comunicacion.umh.es\/wp-content\/blogs.dir\/84\/files\/galerias\/doctor-honoris-causa-3-rectores\/thumbs\/thumbs_dscn0077.jpg\"\n               data-image-id=\"2180\"\n               data-title=\"\"\n               data-description=\"\"\n               data-image-slug=\"\"\n               class=\"ngg-fancybox\" rel=\"2cbd1d7f4db633c1d3ba4d6bf479dba4\">\n                <img\n                    title=\"\"\n                    alt=\"\"\n                    src=\"https:\/\/comunicacion.umh.es\/wp-content\/blogs.dir\/84\/files\/galerias\/doctor-honoris-causa-3-rectores\/thumbs\/thumbs_dscn0077.jpg\"\n                    width=\"100\"\n                    height=\"75\"\n                    style=\"max-width:100%;\"\n                \/>\n            <\/a>\n        <\/div>\n\t\t\t\t\t\t\t<\/div> \n\t\t\t\n        \n\t\t\t\t<div id=\"ngg-image-15\" class=\"ngg-gallery-thumbnail-box\" >\n\t\t\t\t        <div class=\"ngg-gallery-thumbnail\">\n            <a href=\"https:\/\/comunicacion.umh.es\/wp-content\/blogs.dir\/84\/files\/galerias\/doctor-honoris-causa-3-rectores\/dscn0080.jpg\"\n               title=\"\"\n               data-src=\"https:\/\/comunicacion.umh.es\/wp-content\/blogs.dir\/84\/files\/galerias\/doctor-honoris-causa-3-rectores\/dscn0080.jpg\"\n               data-thumbnail=\"https:\/\/comunicacion.umh.es\/wp-content\/blogs.dir\/84\/files\/galerias\/doctor-honoris-causa-3-rectores\/thumbs\/thumbs_dscn0080.jpg\"\n               data-image-id=\"2179\"\n               data-title=\"\"\n               data-description=\"\"\n               data-image-slug=\"\"\n               class=\"ngg-fancybox\" rel=\"2cbd1d7f4db633c1d3ba4d6bf479dba4\">\n                <img\n                    title=\"\"\n                    alt=\"\"\n                    src=\"https:\/\/comunicacion.umh.es\/wp-content\/blogs.dir\/84\/files\/galerias\/doctor-honoris-causa-3-rectores\/thumbs\/thumbs_dscn0080.jpg\"\n                    width=\"100\"\n                    height=\"75\"\n                    style=\"max-width:100%;\"\n                \/>\n            <\/a>\n        <\/div>\n\t\t\t\t\t\t\t<\/div> \n\t\t\t\n        \n\t\t\t\t<div id=\"ngg-image-16\" class=\"ngg-gallery-thumbnail-box\" >\n\t\t\t\t        <div class=\"ngg-gallery-thumbnail\">\n            <a href=\"https:\/\/comunicacion.umh.es\/wp-content\/blogs.dir\/84\/files\/galerias\/doctor-honoris-causa-3-rectores\/dscn0153.jpg\"\n               title=\"\"\n               data-src=\"https:\/\/comunicacion.umh.es\/wp-content\/blogs.dir\/84\/files\/galerias\/doctor-honoris-causa-3-rectores\/dscn0153.jpg\"\n               data-thumbnail=\"https:\/\/comunicacion.umh.es\/wp-content\/blogs.dir\/84\/files\/galerias\/doctor-honoris-causa-3-rectores\/thumbs\/thumbs_dscn0153.jpg\"\n               data-image-id=\"2190\"\n               data-title=\"\"\n               data-description=\"\"\n               data-image-slug=\"\"\n               class=\"ngg-fancybox\" rel=\"2cbd1d7f4db633c1d3ba4d6bf479dba4\">\n                <img\n                    title=\"\"\n                    alt=\"\"\n                    src=\"https:\/\/comunicacion.umh.es\/wp-content\/blogs.dir\/84\/files\/galerias\/doctor-honoris-causa-3-rectores\/thumbs\/thumbs_dscn0153.jpg\"\n                    width=\"100\"\n                    height=\"75\"\n                    style=\"max-width:100%;\"\n                \/>\n            <\/a>\n        <\/div>\n\t\t\t\t\t\t\t<\/div> \n\t\t\t\n        \n\t\t\t\t<div id=\"ngg-image-17\" class=\"ngg-gallery-thumbnail-box\" >\n\t\t\t\t        <div class=\"ngg-gallery-thumbnail\">\n            <a href=\"https:\/\/comunicacion.umh.es\/wp-content\/blogs.dir\/84\/files\/galerias\/doctor-honoris-causa-3-rectores\/dscn0003.jpg\"\n               title=\"\"\n               data-src=\"https:\/\/comunicacion.umh.es\/wp-content\/blogs.dir\/84\/files\/galerias\/doctor-honoris-causa-3-rectores\/dscn0003.jpg\"\n               data-thumbnail=\"https:\/\/comunicacion.umh.es\/wp-content\/blogs.dir\/84\/files\/galerias\/doctor-honoris-causa-3-rectores\/thumbs\/thumbs_dscn0003.jpg\"\n               data-image-id=\"2160\"\n               data-title=\"\"\n               data-description=\"\"\n               data-image-slug=\"\"\n               class=\"ngg-fancybox\" rel=\"2cbd1d7f4db633c1d3ba4d6bf479dba4\">\n                <img\n                    title=\"\"\n                    alt=\"\"\n                    src=\"https:\/\/comunicacion.umh.es\/wp-content\/blogs.dir\/84\/files\/galerias\/doctor-honoris-causa-3-rectores\/thumbs\/thumbs_dscn0003.jpg\"\n                    width=\"100\"\n                    height=\"75\"\n                    style=\"max-width:100%;\"\n                \/>\n            <\/a>\n        <\/div>\n\t\t\t\t\t\t\t<\/div> \n\t\t\t\n        \n\t\t\t\t<div id=\"ngg-image-18\" class=\"ngg-gallery-thumbnail-box\" >\n\t\t\t\t        <div class=\"ngg-gallery-thumbnail\">\n            <a href=\"https:\/\/comunicacion.umh.es\/wp-content\/blogs.dir\/84\/files\/galerias\/doctor-honoris-causa-3-rectores\/dscn0012.jpg\"\n               title=\"\"\n               data-src=\"https:\/\/comunicacion.umh.es\/wp-content\/blogs.dir\/84\/files\/galerias\/doctor-honoris-causa-3-rectores\/dscn0012.jpg\"\n               data-thumbnail=\"https:\/\/comunicacion.umh.es\/wp-content\/blogs.dir\/84\/files\/galerias\/doctor-honoris-causa-3-rectores\/thumbs\/thumbs_dscn0012.jpg\"\n               data-image-id=\"2163\"\n               data-title=\"\"\n               data-description=\"\"\n               data-image-slug=\"\"\n               class=\"ngg-fancybox\" rel=\"2cbd1d7f4db633c1d3ba4d6bf479dba4\">\n                <img\n                    title=\"\"\n                    alt=\"\"\n                    src=\"https:\/\/comunicacion.umh.es\/wp-content\/blogs.dir\/84\/files\/galerias\/doctor-honoris-causa-3-rectores\/thumbs\/thumbs_dscn0012.jpg\"\n                    width=\"100\"\n                    height=\"75\"\n                    style=\"max-width:100%;\"\n                \/>\n            <\/a>\n        <\/div>\n\t\t\t\t\t\t\t<\/div> \n\t\t\t\n        \n\t\t\t\t<div id=\"ngg-image-19\" class=\"ngg-gallery-thumbnail-box\" >\n\t\t\t\t        <div class=\"ngg-gallery-thumbnail\">\n            <a href=\"https:\/\/comunicacion.umh.es\/wp-content\/blogs.dir\/84\/files\/galerias\/doctor-honoris-causa-3-rectores\/dscn0016.jpg\"\n               title=\"\"\n               data-src=\"https:\/\/comunicacion.umh.es\/wp-content\/blogs.dir\/84\/files\/galerias\/doctor-honoris-causa-3-rectores\/dscn0016.jpg\"\n               data-thumbnail=\"https:\/\/comunicacion.umh.es\/wp-content\/blogs.dir\/84\/files\/galerias\/doctor-honoris-causa-3-rectores\/thumbs\/thumbs_dscn0016.jpg\"\n               data-image-id=\"2165\"\n               data-title=\"\"\n               data-description=\"\"\n               data-image-slug=\"\"\n               class=\"ngg-fancybox\" rel=\"2cbd1d7f4db633c1d3ba4d6bf479dba4\">\n                <img\n                    title=\"\"\n                    alt=\"\"\n                    src=\"https:\/\/comunicacion.umh.es\/wp-content\/blogs.dir\/84\/files\/galerias\/doctor-honoris-causa-3-rectores\/thumbs\/thumbs_dscn0016.jpg\"\n                    width=\"100\"\n                    height=\"75\"\n                    style=\"max-width:100%;\"\n                \/>\n            <\/a>\n        <\/div>\n\t\t\t\t\t\t\t<\/div> \n\t\t\t\n        \n\t\t\n\t\t<!-- Pagination -->\n\t<div class='ngg-navigation'><span class='current'>1<\/span>\n<a class='page-numbers' data-pageid='2' href='https:\/\/comunicacion.umh.es\/en\/2010\/06\/17\/galeria-de-fotos-del-solemne-acto-de-investidura-del-excmo-sr-d-pedro-amat-munoz-excmo-sr-d-pedro-ruiz-torres-y-excma-sra-dna-araceli-macia-anton-como-doctores-honoris-causa-el-29-de-octubre\/nggallery\/page\/2'>2<\/a>\n<a class='prev' href='https:\/\/comunicacion.umh.es\/en\/2010\/06\/17\/galeria-de-fotos-del-solemne-acto-de-investidura-del-excmo-sr-d-pedro-amat-munoz-excmo-sr-d-pedro-ruiz-torres-y-excma-sra-dna-araceli-macia-anton-como-doctores-honoris-causa-el-29-de-octubre\/nggallery\/page\/2' data-pageid=2>&#9658;<\/a><\/div>\t<\/div>\n","protected":false},"excerpt":{"rendered":"<p>        [Mostrar como pase de diapositivas]<\/p>\n<p>   [&#8230;]<\/p>\n","protected":false},"author":1,"featured_media":0,"comment_status":"closed","ping_status":"open","sticky":false,"template":"","format":"standard","meta":{"ngg_post_thumbnail":0,"_links_to":"","_links_to_target":""},"categories":[1],"tags":[],"_links":{"self":[{"href":"https:\/\/comunicacion.umh.es\/en\/wp-json\/wp\/v2\/posts\/834"}],"collection":[{"href":"https:\/\/comunicacion.umh.es\/en\/wp-json\/wp\/v2\/posts"}],"about":[{"href":"https:\/\/comunicacion.umh.es\/en\/wp-json\/wp\/v2\/types\/post"}],"author":[{"embeddable":true,"href":"https:\/\/comunicacion.umh.es\/en\/wp-json\/wp\/v2\/users\/1"}],"replies":[{"embeddable":true,"href":"https:\/\/comunicacion.umh.es\/en\/wp-json\/wp\/v2\/comments?post=834"}],"version-history":[{"count":0,"href":"https:\/\/comunicacion.umh.es\/en\/wp-json\/wp\/v2\/posts\/834\/revisions"}],"wp:attachment":[{"href":"https:\/\/comunicacion.umh.es\/en\/wp-json\/wp\/v2\/media?parent=834"}],"wp:term":[{"taxonomy":"category","embeddable":true,"href":"https:\/\/comunicacion.umh.es\/en\/wp-json\/wp\/v2\/categories?post=834"},{"taxonomy":"post_tag","embeddable":true,"href":"https:\/\/comunicacion.umh.es\/en\/wp-json\/wp\/v2\/tags?post=834"}],"curies":[{"name":"wp","href":"https:\/\/api.w.org\/{rel}","templated":true}]}}